{"id":102,"date":"2009-10-05T14:45:46","date_gmt":"2009-10-05T14:45:46","guid":{"rendered":"https:\/\/www.news.veerst.info\/?p=102"},"modified":"2009-10-05T14:45:46","modified_gmt":"2009-10-05T14:45:46","slug":"nyt-fra-vandvaerket-del-3","status":"publish","type":"post","link":"https:\/\/www.news.veerst.info\/?p=102","title":{"rendered":"Nyt fra vandv\u00e6rket &#8211; Del 3"},"content":{"rendered":"<p>Der er nu ved at v\u00e6re struktur og overblik over situationen. Onsdag den 7. oktober bliver der st\u00f8bt en ny betonkant hvorp\u00e5 l\u00e5gen til tanken skal ligge. Denne beton skal t\u00f8rre nogle dage. Den nye l\u00e5ge er ikke lagervare og den skal f\u00f8rst produceres og vil kunne leveres og monteres tirsdag den 13. oktober.<\/p>\n<p>I venteperioden vil tanken blive t\u00f8mt, rengjort og desinficeret med klor. Tilbage vil s\u00e5 v\u00e6re de urenheder som sidder i filtrene. Disse skyldes igennem i l\u00f8bet af tirsdag eftermiddag. Formanden mener og h\u00e5ber p\u00e5 at vi atter har vort eget rene vand i hanerne i l\u00f8bet af tirsdag den 13. oktober f\u00f8rst p\u00e5 aftenen.<\/p>\n<p>\u00a0<\/p>\n<p>Fra p\u00e5 onsdag den 7. oktober kobler vi os p\u00e5 Gesten vandforsyning i ca. \u00e9n uge. Det betyder at vandet i vore haner vil v\u00e6re rent fra torsdag den 8. oktober.<\/p>\n<p>\u00a0<\/p>\n<p>Der udtages naturligvis nye pr\u00f8ver fra vores boring inden vi atter kobler os p\u00e5 vort eget vandv\u00e6rk, s\u00e5 f\u00f8lg derfor med her p\u00e5 siden.<\/p>\n","protected":false},"excerpt":{"rendered":"<p>Der er nu ved at v\u00e6re struktur og overblik over situationen. Onsdag den 7. oktober bliver der st\u00f8bt en ny betonkant hvorp\u00e5 l\u00e5gen til tanken skal ligge. Denne beton skal t\u00f8rre nogle dage. Den nye l\u00e5ge er ikke lagervare og&hellip;<\/p>\n<p class=\"more-link-p\"><a class=\"more-link\" href=\"https:\/\/www.news.veerst.info\/?p=102\">Read more &rarr;<\/a><\/p>\n","protected":false},"author":1,"featured_media":0,"comment_status":"open","ping_status":"open","sticky":false,"template":"","format":"standard","meta":[],"categories":[19],"tags":[],"_links":{"self":[{"href":"https:\/\/www.news.veerst.info\/index.php?rest_route=\/wp\/v2\/posts\/102"}],"collection":[{"href":"https:\/\/www.news.veerst.info\/index.php?rest_route=\/wp\/v2\/posts"}],"about":[{"href":"https:\/\/www.news.veerst.info\/index.php?rest_route=\/wp\/v2\/types\/post"}],"author":[{"embeddable":true,"href":"https:\/\/www.news.veerst.info\/index.php?rest_route=\/wp\/v2\/users\/1"}],"replies":[{"embeddable":true,"href":"https:\/\/www.news.veerst.info\/index.php?rest_route=%2Fwp%2Fv2%2Fcomments&post=102"}],"version-history":[{"count":0,"href":"https:\/\/www.news.veerst.info\/index.php?rest_route=\/wp\/v2\/posts\/102\/revisions"}],"wp:attachment":[{"href":"https:\/\/www.news.veerst.info\/index.php?rest_route=%2Fwp%2Fv2%2Fmedia&parent=102"}],"wp:term":[{"taxonomy":"category","embeddable":true,"href":"https:\/\/www.news.veerst.info\/index.php?rest_route=%2Fwp%2Fv2%2Fcategories&post=102"},{"taxonomy":"post_tag","embeddable":true,"href":"https:\/\/www.news.veerst.info\/index.php?rest_route=%2Fwp%2Fv2%2Ftags&post=102"}],"curies":[{"name":"wp","href":"https:\/\/api.w.org\/{rel}","templated":true}]}}