{"id":103,"date":"2009-10-08T08:19:06","date_gmt":"2009-10-08T08:19:06","guid":{"rendered":"https:\/\/www.news.veerst.info\/?p=103"},"modified":"2009-10-08T08:19:06","modified_gmt":"2009-10-08T08:19:06","slug":"nyt-fra-vandvaerket-del-4","status":"publish","type":"post","link":"https:\/\/www.news.veerst.info\/?p=103","title":{"rendered":"Nyt fra vandv\u00e6rket &#8211; Del 4"},"content":{"rendered":"<p>I g\u00e5r, onsdag, blev vi tilsluttet vandforsyningen fra Gesten. Det viste sig dog hurtigt at vandtrykket var for lavt. Derfor blev vandv\u00e6rket fra B\u00e6kke koblet, sideordnet, p\u00e5 kl. 18.00.<\/p>\n<p>Status er derfor at vi nu modtager vand fra Gesten og B\u00e6kke med et rimeligt vandtryk&#8230;.. og det bedste af det hele: VANDET ER RENT! For at v\u00e6re helt sikker p\u00e5 at ledningsnettet er skyllet igennem helt ud i yderdistriktet, anbefales der at man f\u00f8rst begynder at drikke vandet hen mod aftenstid i morgen, fredag.<\/p>\n<p>Der er udtaget nye bakteriepr\u00f8ver af vores boring med et stort positivt &#8220;0&#8221;. Vores vand er alts\u00e5 fri for skadelige bakterier. Desv\u00e6rre bliver det aldrig opklaret vor skaden skete. Det er enten en defekt l\u00e5ge til vandtanken eller et vandfyldt hul omkring brandhanen, men begge dele er under reparation og vi skulle derfor atter kunne modtage vand fra Veerst vandv\u00e6rk inden for overskuelig fremtid.<\/p>\n<p>Formanden konstaterer at vi har &#8220;reddet stormen af&#8221; for denne gang. Niels Peter Landmark h\u00e5ber at borgerne har kunnet leve med generne og han h\u00e5ber at informationerne i perioden har v\u00e6ret fyldestg\u00f8rende.<\/p>\n","protected":false},"excerpt":{"rendered":"<p>I g\u00e5r, onsdag, blev vi tilsluttet vandforsyningen fra Gesten. Det viste sig dog hurtigt at vandtrykket var for lavt. Derfor blev vandv\u00e6rket fra B\u00e6kke koblet, sideordnet, p\u00e5 kl. 18.00. Status er derfor at vi nu modtager vand fra Gesten og&hellip;<\/p>\n<p class=\"more-link-p\"><a class=\"more-link\" href=\"https:\/\/www.news.veerst.info\/?p=103\">Read more &rarr;<\/a><\/p>\n","protected":false},"author":1,"featured_media":0,"comment_status":"open","ping_status":"open","sticky":false,"template":"","format":"standard","meta":[],"categories":[19],"tags":[],"_links":{"self":[{"href":"https:\/\/www.news.veerst.info\/index.php?rest_route=\/wp\/v2\/posts\/103"}],"collection":[{"href":"https:\/\/www.news.veerst.info\/index.php?rest_route=\/wp\/v2\/posts"}],"about":[{"href":"https:\/\/www.news.veerst.info\/index.php?rest_route=\/wp\/v2\/types\/post"}],"author":[{"embeddable":true,"href":"https:\/\/www.news.veerst.info\/index.php?rest_route=\/wp\/v2\/users\/1"}],"replies":[{"embeddable":true,"href":"https:\/\/www.news.veerst.info\/index.php?rest_route=%2Fwp%2Fv2%2Fcomments&post=103"}],"version-history":[{"count":0,"href":"https:\/\/www.news.veerst.info\/index.php?rest_route=\/wp\/v2\/posts\/103\/revisions"}],"wp:attachment":[{"href":"https:\/\/www.news.veerst.info\/index.php?rest_route=%2Fwp%2Fv2%2Fmedia&parent=103"}],"wp:term":[{"taxonomy":"category","embeddable":true,"href":"https:\/\/www.news.veerst.info\/index.php?rest_route=%2Fwp%2Fv2%2Fcategories&post=103"},{"taxonomy":"post_tag","embeddable":true,"href":"https:\/\/www.news.veerst.info\/index.php?rest_route=%2Fwp%2Fv2%2Ftags&post=103"}],"curies":[{"name":"wp","href":"https:\/\/api.w.org\/{rel}","templated":true}]}}