{"id":106,"date":"2009-10-11T16:45:16","date_gmt":"2009-10-11T16:45:16","guid":{"rendered":"https:\/\/www.news.veerst.info\/?p=106"},"modified":"2009-10-11T16:45:16","modified_gmt":"2009-10-11T16:45:16","slug":"skonsang-i-kirken","status":"publish","type":"post","link":"https:\/\/www.news.veerst.info\/?p=106","title":{"rendered":"Sk\u00f8nsang i kirken"},"content":{"rendered":"<p>Veerst og B\u00e6kke Menighedsr\u00e5d g\u00e5r sammen om en storsl\u00e5et koncert i Veerst Kirke. <strong><em>Onsdag den 28. oktober 2009 kl. 19.30<\/em><\/strong> g\u00e6ster Lene Siel kirken sammen med pianisten Carl Ulrik Munk Andersen. Lene Siel er en af de mest s\u00e6lgende solister i 90\u00b4erne, b\u00e5de p\u00e5 grund af hendes smukke stemme og ikke mindst hendes charmerende v\u00e6sen.<\/p>\n<p>Billetterne koster kr. 125,- pr. person og kan bestilles fra mandag den 12. oktober 2009 hos Kirstine Sk\u00f8tt Thomsen, Stationsvej 15, B\u00e6kke eller Anne Marie Jensen, Gyden 21, Veerst, tlf. 75 55 52 76.<\/p>\n<p>\u00a0<img decoding=\"async\" loading=\"lazy\" class=\" size-full wp-image-104\" height=\"336\" width=\"464\" src=\"https:\/\/www.news.veerst.info\/wp-content\/uploads\/2009\/10\/Lene_Siel_1.jpg\" alt=\"Lene_Siel_1\" width=\"464\" height=\"336\" srcset=\"https:\/\/www.news.veerst.info\/wp-content\/uploads\/2009\/10\/Lene_Siel_1.jpg 464w, https:\/\/www.news.veerst.info\/wp-content\/uploads\/2009\/10\/Lene_Siel_1-300x217.jpg 300w\" sizes=\"(max-width: 464px) 100vw, 464px\" \/><\/p>\n<p>\u00a0<\/p>\n<p><strong>Vidste du at&#8230;&#8230; <\/strong><\/p>\n<p>&#8211; Lene Siel har optr\u00e5dt 12 gange for det danske kongehus? &#8211; senest til Kronprinsesse Mary og Kronprins Frederiks bryllupsfest. <\/p>\n<p>&#8211; Lene Siel har solgt mere end en million eksemplarer af sine ti plader i Danmark? <\/p>\n<p>&#8211; Den 12. plade udkom den 12. november 2007?<\/p>\n<p>&#8211; Den hedder &#8220;Great Moments&#8221; og indeholder et udvalg af Lene Siels allerst\u00f8rste hits? <\/p>\n<p>&#8211; Lene Siel har sunget sammen med blandt andre John Denver, Roger Whittaker og Helmut Lotti?<\/p>\n<p style=\"text-align: center;\"><img decoding=\"async\" loading=\"lazy\" class=\" size-full wp-image-105\" height=\"263\" width=\"199\" src=\"https:\/\/www.news.veerst.info\/wp-content\/uploads\/2009\/10\/9_normal.jpg\" alt=\"9_normal\" width=\"150\" height=\"196\" \/><\/p>\n<p>\u00a0<\/p>\n","protected":false},"excerpt":{"rendered":"<p>Veerst og B\u00e6kke Menighedsr\u00e5d g\u00e5r sammen om en storsl\u00e5et koncert i Veerst Kirke. Onsdag den 28. oktober 2009 kl. 19.30 g\u00e6ster Lene Siel kirken sammen med pianisten Carl Ulrik Munk Andersen. Lene Siel er en af de mest s\u00e6lgende solister&hellip;<\/p>\n<p class=\"more-link-p\"><a class=\"more-link\" href=\"https:\/\/www.news.veerst.info\/?p=106\">Read more &rarr;<\/a><\/p>\n","protected":false},"author":1,"featured_media":104,"comment_status":"open","ping_status":"open","sticky":false,"template":"","format":"standard","meta":[],"categories":[22],"tags":[],"_links":{"self":[{"href":"https:\/\/www.news.veerst.info\/index.php?rest_route=\/wp\/v2\/posts\/106"}],"collection":[{"href":"https:\/\/www.news.veerst.info\/index.php?rest_route=\/wp\/v2\/posts"}],"about":[{"href":"https:\/\/www.news.veerst.info\/index.php?rest_route=\/wp\/v2\/types\/post"}],"author":[{"embeddable":true,"href":"https:\/\/www.news.veerst.info\/index.php?rest_route=\/wp\/v2\/users\/1"}],"replies":[{"embeddable":true,"href":"https:\/\/www.news.veerst.info\/index.php?rest_route=%2Fwp%2Fv2%2Fcomments&post=106"}],"version-history":[{"count":0,"href":"https:\/\/www.news.veerst.info\/index.php?rest_route=\/wp\/v2\/posts\/106\/revisions"}],"wp:featuredmedia":[{"embeddable":true,"href":"https:\/\/www.news.veerst.info\/index.php?rest_route=\/wp\/v2\/media\/104"}],"wp:attachment":[{"href":"https:\/\/www.news.veerst.info\/index.php?rest_route=%2Fwp%2Fv2%2Fmedia&parent=106"}],"wp:term":[{"taxonomy":"category","embeddable":true,"href":"https:\/\/www.news.veerst.info\/index.php?rest_route=%2Fwp%2Fv2%2Fcategories&post=106"},{"taxonomy":"post_tag","embeddable":true,"href":"https:\/\/www.news.veerst.info\/index.php?rest_route=%2Fwp%2Fv2%2Ftags&post=106"}],"curies":[{"name":"wp","href":"https:\/\/api.w.org\/{rel}","templated":true}]}}