{"id":112,"date":"2009-10-13T10:21:50","date_gmt":"2009-10-13T10:21:50","guid":{"rendered":"https:\/\/www.news.veerst.info\/?p=112"},"modified":"2009-10-13T10:21:50","modified_gmt":"2009-10-13T10:21:50","slug":"vandvaerksbestyrelsen-traekker-i-arbejdstojet","status":"publish","type":"post","link":"https:\/\/www.news.veerst.info\/?p=112","title":{"rendered":"Vandv\u00e6rksbestyrelsen tr\u00e6kker i arbejdst\u00f8jet"},"content":{"rendered":"<p><img decoding=\"async\" loading=\"lazy\" class=\" size-full wp-image-107\" height=\"446\" width=\"558\" src=\"https:\/\/www.news.veerst.info\/wp-content\/uploads\/2009\/10\/P1100405-1.jpg\" alt=\"P1100405-1\" width=\"800\" height=\"600\" \/><\/p>\n<p>Tirsdag trak bestyrelsen for vandv\u00e6rket i arbejdst\u00f8jet. Den tidligere omtalte betonkant p\u00e5 vandtanken er nu st\u00f8bt og h\u00e6rdet og i dag bliver den nye l\u00e5ge monteret. Senere, tirsdag, kommer et firma og renser tanken og filtrene med klor. Derefter skal hele systemet skylles igennem og i morgen bliver der udtaget nye vandpr\u00f8ver hvorfra resultatet sandsynligvis vil foreligge fredag. S\u00e5 i l\u00f8bet af en kommende weekend skulle vi atter kunne modtage vand fra Veerst Vandv\u00e6rk.<\/p>\n<p>\u00a0<img decoding=\"async\" loading=\"lazy\" class=\" size-full wp-image-108\" height=\"418\" width=\"556\" src=\"https:\/\/www.news.veerst.info\/wp-content\/uploads\/2009\/10\/P1100404-1.jpg\" alt=\"P1100404-1\" width=\"800\" height=\"600\" srcset=\"https:\/\/www.news.veerst.info\/wp-content\/uploads\/2009\/10\/P1100404-1.jpg 800w, https:\/\/www.news.veerst.info\/wp-content\/uploads\/2009\/10\/P1100404-1-300x225.jpg 300w\" sizes=\"(max-width: 556px) 100vw, 556px\" \/><\/p>\n<p>Formand Niels Peter Landmark vil v\u00e6re 100 procent sikker p\u00e5 at vandet nu er rent og forbliver rent. Derfor har han (p\u00e5 trods af d\u00e5rlig ryg) egenh\u00e6ndigt fritlagt nogle r\u00f8r fra en gammel boring. Disse r\u00f8r ligger ca. 1,5 meter nede i jorden bag ved vandv\u00e6rkshuset. R\u00f8rene er ikke l\u00e6ngere aktive, men er dog stadig koblet p\u00e5 vandpumpen. Niels Peter har konstateret at disse r\u00f8r drypper n\u00e5r pumpen starter. Han konkluderer derved at der st\u00e5r vand i r\u00f8rene. Bestyrelsen vurderer at dette stillest\u00e5ende vand vil kunne udvikle bakterier, derfor vil de gamle r\u00f8r nu blive sl\u00f8jfet.<\/p>\n<p><img decoding=\"async\" loading=\"lazy\" class=\" size-full wp-image-109\" height=\"405\" width=\"557\" src=\"https:\/\/www.news.veerst.info\/wp-content\/uploads\/2009\/10\/P1100410-1.jpg\" alt=\"P1100410-1\" width=\"800\" height=\"600\" \/><\/p>\n<p><img decoding=\"async\" loading=\"lazy\" class=\" size-full wp-image-110\" height=\"430\" width=\"558\" src=\"https:\/\/www.news.veerst.info\/wp-content\/uploads\/2009\/10\/P1100408-1.jpg\" alt=\"P1100408-1\" width=\"800\" height=\"600\" \/><\/p>\n<p><img decoding=\"async\" loading=\"lazy\" class=\" size-full wp-image-111\" height=\"395\" width=\"563\" src=\"https:\/\/www.news.veerst.info\/wp-content\/uploads\/2009\/10\/P1100407-1.jpg\" alt=\"P1100407-1\" width=\"800\" height=\"600\" \/><\/p>\n","protected":false},"excerpt":{"rendered":"<p>Tirsdag trak bestyrelsen for vandv\u00e6rket i arbejdst\u00f8jet. Den tidligere omtalte betonkant p\u00e5 vandtanken er nu st\u00f8bt og h\u00e6rdet og i dag bliver den nye l\u00e5ge monteret. Senere, tirsdag, kommer et firma og renser tanken og filtrene med klor. Derefter skal&hellip;<\/p>\n<p class=\"more-link-p\"><a class=\"more-link\" href=\"https:\/\/www.news.veerst.info\/?p=112\">Read more &rarr;<\/a><\/p>\n","protected":false},"author":1,"featured_media":107,"comment_status":"open","ping_status":"open","sticky":false,"template":"","format":"standard","meta":[],"categories":[19],"tags":[],"_links":{"self":[{"href":"https:\/\/www.news.veerst.info\/index.php?rest_route=\/wp\/v2\/posts\/112"}],"collection":[{"href":"https:\/\/www.news.veerst.info\/index.php?rest_route=\/wp\/v2\/posts"}],"about":[{"href":"https:\/\/www.news.veerst.info\/index.php?rest_route=\/wp\/v2\/types\/post"}],"author":[{"embeddable":true,"href":"https:\/\/www.news.veerst.info\/index.php?rest_route=\/wp\/v2\/users\/1"}],"replies":[{"embeddable":true,"href":"https:\/\/www.news.veerst.info\/index.php?rest_route=%2Fwp%2Fv2%2Fcomments&post=112"}],"version-history":[{"count":0,"href":"https:\/\/www.news.veerst.info\/index.php?rest_route=\/wp\/v2\/posts\/112\/revisions"}],"wp:featuredmedia":[{"embeddable":true,"href":"https:\/\/www.news.veerst.info\/index.php?rest_route=\/wp\/v2\/media\/107"}],"wp:attachment":[{"href":"https:\/\/www.news.veerst.info\/index.php?rest_route=%2Fwp%2Fv2%2Fmedia&parent=112"}],"wp:term":[{"taxonomy":"category","embeddable":true,"href":"https:\/\/www.news.veerst.info\/index.php?rest_route=%2Fwp%2Fv2%2Fcategories&post=112"},{"taxonomy":"post_tag","embeddable":true,"href":"https:\/\/www.news.veerst.info\/index.php?rest_route=%2Fwp%2Fv2%2Ftags&post=112"}],"curies":[{"name":"wp","href":"https:\/\/api.w.org\/{rel}","templated":true}]}}