{"id":113,"date":"2009-10-15T10:18:44","date_gmt":"2009-10-15T10:18:44","guid":{"rendered":"https:\/\/www.news.veerst.info\/?p=113"},"modified":"2009-10-15T10:18:44","modified_gmt":"2009-10-15T10:18:44","slug":"nyt-fra-vandvaerket-del-5-eller-hvor-langt-vi-nu-er-naet","status":"publish","type":"post","link":"https:\/\/www.news.veerst.info\/?p=113","title":{"rendered":"Nyt fra vandv\u00e6rket &#8211; Del 5 (eller hvor langt vi nu er n\u00e5et)!"},"content":{"rendered":"<p><span style=\"font-size: 14pt;\"><strong><em>Det g\u00e5r ikke altid som pr\u00e6sten pr\u00e6diker!<\/em><\/strong> <\/span><\/p>\n<p><span style=\"font-size: 14pt;\">Ved rensning af vandtanken konstateredes en ut\u00e6thed i en fuge i tankens \u00f8vre del. Det betyder at der kan komme r\u00f8dder, jord og snegle i tanken. For at udbedre denne fuge skal tanken v\u00e6re helt t\u00f8r hvorfor der nu er opsat varmekanoner og affugtere i tanken. Firmaet regner med at fugen kan udbedres senest tirsdag den 20. oktober. I \u00f8vrigt roser firmaet vores vandtank. Den skade der er opdaget er en bagatel-skade&#8230; men udbedres skal den!<\/span><\/p>\n<p><span style=\"font-size: 14pt;\">Ovenst\u00e5ende betyder blot at vi forl\u00e6nger den periode hvor vi f\u00e5r vand fra Gesten og B\u00e6kke. <\/span><\/p>\n<p><span style=\"font-size: 14pt;\">Forbrugerne kommer ikke til at m\u00e6rke noget som helst.<\/span><\/p>\n","protected":false},"excerpt":{"rendered":"<p>Det g\u00e5r ikke altid som pr\u00e6sten pr\u00e6diker! Ved rensning af vandtanken konstateredes en ut\u00e6thed i en fuge i tankens \u00f8vre del. Det betyder at der kan komme r\u00f8dder, jord og snegle i tanken. For at udbedre denne fuge skal tanken&hellip;<\/p>\n<p class=\"more-link-p\"><a class=\"more-link\" href=\"https:\/\/www.news.veerst.info\/?p=113\">Read more &rarr;<\/a><\/p>\n","protected":false},"author":1,"featured_media":0,"comment_status":"open","ping_status":"open","sticky":false,"template":"","format":"standard","meta":[],"categories":[19],"tags":[],"_links":{"self":[{"href":"https:\/\/www.news.veerst.info\/index.php?rest_route=\/wp\/v2\/posts\/113"}],"collection":[{"href":"https:\/\/www.news.veerst.info\/index.php?rest_route=\/wp\/v2\/posts"}],"about":[{"href":"https:\/\/www.news.veerst.info\/index.php?rest_route=\/wp\/v2\/types\/post"}],"author":[{"embeddable":true,"href":"https:\/\/www.news.veerst.info\/index.php?rest_route=\/wp\/v2\/users\/1"}],"replies":[{"embeddable":true,"href":"https:\/\/www.news.veerst.info\/index.php?rest_route=%2Fwp%2Fv2%2Fcomments&post=113"}],"version-history":[{"count":0,"href":"https:\/\/www.news.veerst.info\/index.php?rest_route=\/wp\/v2\/posts\/113\/revisions"}],"wp:attachment":[{"href":"https:\/\/www.news.veerst.info\/index.php?rest_route=%2Fwp%2Fv2%2Fmedia&parent=113"}],"wp:term":[{"taxonomy":"category","embeddable":true,"href":"https:\/\/www.news.veerst.info\/index.php?rest_route=%2Fwp%2Fv2%2Fcategories&post=113"},{"taxonomy":"post_tag","embeddable":true,"href":"https:\/\/www.news.veerst.info\/index.php?rest_route=%2Fwp%2Fv2%2Ftags&post=113"}],"curies":[{"name":"wp","href":"https:\/\/api.w.org\/{rel}","templated":true}]}}