{"id":130,"date":"2009-10-28T21:10:59","date_gmt":"2009-10-28T21:10:59","guid":{"rendered":"https:\/\/www.news.veerst.info\/?p=130"},"modified":"2009-10-28T21:10:59","modified_gmt":"2009-10-28T21:10:59","slug":"vellykket-koncert-i-veerst-kirke","status":"publish","type":"post","link":"https:\/\/www.news.veerst.info\/?p=130","title":{"rendered":"Vellykket koncert i Veerst Kirke"},"content":{"rendered":"<p><span style=\"font-size: 12pt;\"><img decoding=\"async\" loading=\"lazy\" class=\" size-full wp-image-124\" height=\"425\" width=\"556\" src=\"https:\/\/www.news.veerst.info\/wp-content\/uploads\/2009\/10\/lenesiel1-1.jpg\" alt=\"lenesiel1-1\" width=\"400\" height=\"300\" \/><\/span><\/p>\n<p><span style=\"font-size: 12pt;\">142 forventningsfulde borgere havde, onsdag den 28. oktober, k\u00f8bt billet til koncerten med Lene Siel i Veerst Kirke. N\u00e5r man t\u00e6nker p\u00e5 at kirken kan rumme ca. 170 mennesker, n\u00e5r der inds\u00e6ttes ekstra stole i midtergangen, kan B\u00e6kke og Veerst menighedsr\u00e5d v\u00e6re ganske godt tilfredse med fremm\u00f8det. Pr\u00e6cis kl. 20.00 b\u00f8d sognepr\u00e6st Bitten Weile velkommen og aftenen startede med en f\u00e6lles salme: &#8220;Nu falmer skoven&#8221;.<\/span><\/p>\n<p><span style=\"font-size: 12pt;\"><img decoding=\"async\" loading=\"lazy\" class=\" size-full wp-image-125\" height=\"400\" width=\"300\" src=\"https:\/\/www.news.veerst.info\/wp-content\/uploads\/2009\/10\/lenesiel2-1.jpg\" alt=\"lenesiel2-1\" width=\"300\" height=\"400\" srcset=\"https:\/\/www.news.veerst.info\/wp-content\/uploads\/2009\/10\/lenesiel2-1.jpg 300w, https:\/\/www.news.veerst.info\/wp-content\/uploads\/2009\/10\/lenesiel2-1-225x300.jpg 225w\" sizes=\"(max-width: 300px) 100vw, 300px\" \/><\/span><\/p>\n<p><span style=\"font-size: 12pt;\">Lene Siel \u00e5bnede derefter koncerten med at synge det fantastiske tema fra filmen Tornfuglene. Hun fortalte at temaet var med p\u00e5 hendes allerf\u00f8rste udgivelse for 15 \u00e5r siden.<\/span><\/p>\n<p><span style=\"font-size: 12pt;\"><img decoding=\"async\" loading=\"lazy\" class=\" size-full wp-image-126\" height=\"444\" width=\"559\" src=\"https:\/\/www.news.veerst.info\/wp-content\/uploads\/2009\/10\/lenesiel3-1.jpg\" alt=\"lenesiel3-1\" width=\"400\" height=\"300\" \/><\/span><\/p>\n<p><span style=\"font-size: 12pt;\">Efterf\u00f8lgende fl\u00f8d de dejligste sange, salmer og viser ud af munden p\u00e5 den lille sangfugl. Lene Siel fortalte sm\u00e5 humoristiske anekdoter mellem sangene og under afsyngningen af &#8220;Jeg ved en l\u00e6rkerede&#8221; sad hun endda p\u00e5 kn\u00e6, for at illustrere at hun ikke var ret gammel f\u00f8rste gang hun sang denne sang.<\/span><\/p>\n<p><span style=\"font-size: 12pt;\"><img decoding=\"async\" loading=\"lazy\" class=\" size-full wp-image-127\" height=\"437\" width=\"557\" src=\"https:\/\/www.news.veerst.info\/wp-content\/uploads\/2009\/10\/lenesiel4-1.jpg\" alt=\"lenesiel4-1\" width=\"400\" height=\"300\" \/><\/span><\/p>\n<p><span style=\"font-size: 12pt;\">I en pause midt i koncerten beviste Lene Siels faste pianist, Carl Ulrik Munk Andersen, at han ogs\u00e5 er en habil orgelvirtuos. Han fremf\u00f8rte et fransk v\u00e6rk til stor nydelse for publikum.<\/span><\/p>\n<p><span style=\"font-size: 12pt;\"><img decoding=\"async\" loading=\"lazy\" class=\" size-full wp-image-128\" height=\"457\" width=\"557\" src=\"https:\/\/www.news.veerst.info\/wp-content\/uploads\/2009\/10\/lenesiel5-1.jpg\" alt=\"lenesiel5-1\" width=\"400\" height=\"300\" \/><\/span><\/p>\n<p><span style=\"font-size: 12pt;\">Efter fem kvarter sluttede Lene Siel aftenen af med to ekstra-numre, hvoraf det sidste naturligvis var Kim Larsens &#8220;Om lidt bliver her stille&#8221;.<\/span><\/p>\n<p><span style=\"font-size: 12pt;\"><img decoding=\"async\" loading=\"lazy\" class=\" size-full wp-image-129\" height=\"460\" width=\"558\" src=\"https:\/\/www.news.veerst.info\/wp-content\/uploads\/2009\/10\/lenesiel6-1.jpg\" alt=\"lenesiel6-1\" width=\"400\" height=\"300\" \/><\/span><\/p>\n<p><span style=\"font-size: 12pt;\">Efter endnu en f\u00e6lles salme kunne menighedsr\u00e5det lukke og slukke for en vellykket koncert i Veerst Kirke.<\/span><\/p>\n<p><span style=\"font-size: 12pt;\"><em>Beklager den forringede billedkvalitet&#8230; de kan ikke tages om!<\/em><\/span><\/p>\n<p><span style=\"font-size: 12pt;\"><em><\/em><\/span><\/p>\n","protected":false},"excerpt":{"rendered":"<p>142 forventningsfulde borgere havde, onsdag den 28. oktober, k\u00f8bt billet til koncerten med Lene Siel i Veerst Kirke. N\u00e5r man t\u00e6nker p\u00e5 at kirken kan rumme ca. 170 mennesker, n\u00e5r der inds\u00e6ttes ekstra stole i midtergangen, kan B\u00e6kke og Veerst&hellip;<\/p>\n<p class=\"more-link-p\"><a class=\"more-link\" href=\"https:\/\/www.news.veerst.info\/?p=130\">Read more &rarr;<\/a><\/p>\n","protected":false},"author":1,"featured_media":124,"comment_status":"open","ping_status":"open","sticky":false,"template":"","format":"standard","meta":[],"categories":[22],"tags":[],"_links":{"self":[{"href":"https:\/\/www.news.veerst.info\/index.php?rest_route=\/wp\/v2\/posts\/130"}],"collection":[{"href":"https:\/\/www.news.veerst.info\/index.php?rest_route=\/wp\/v2\/posts"}],"about":[{"href":"https:\/\/www.news.veerst.info\/index.php?rest_route=\/wp\/v2\/types\/post"}],"author":[{"embeddable":true,"href":"https:\/\/www.news.veerst.info\/index.php?rest_route=\/wp\/v2\/users\/1"}],"replies":[{"embeddable":true,"href":"https:\/\/www.news.veerst.info\/index.php?rest_route=%2Fwp%2Fv2%2Fcomments&post=130"}],"version-history":[{"count":0,"href":"https:\/\/www.news.veerst.info\/index.php?rest_route=\/wp\/v2\/posts\/130\/revisions"}],"wp:featuredmedia":[{"embeddable":true,"href":"https:\/\/www.news.veerst.info\/index.php?rest_route=\/wp\/v2\/media\/124"}],"wp:attachment":[{"href":"https:\/\/www.news.veerst.info\/index.php?rest_route=%2Fwp%2Fv2%2Fmedia&parent=130"}],"wp:term":[{"taxonomy":"category","embeddable":true,"href":"https:\/\/www.news.veerst.info\/index.php?rest_route=%2Fwp%2Fv2%2Fcategories&post=130"},{"taxonomy":"post_tag","embeddable":true,"href":"https:\/\/www.news.veerst.info\/index.php?rest_route=%2Fwp%2Fv2%2Ftags&post=130"}],"curies":[{"name":"wp","href":"https:\/\/api.w.org\/{rel}","templated":true}]}}