{"id":134,"date":"2009-11-28T11:10:58","date_gmt":"2009-11-28T11:10:58","guid":{"rendered":"https:\/\/www.news.veerst.info\/?p=134"},"modified":"2009-11-28T11:10:58","modified_gmt":"2009-11-28T11:10:58","slug":"juletraeet-taendes-pa-sondag","status":"publish","type":"post","link":"https:\/\/www.news.veerst.info\/?p=134","title":{"rendered":"Juletr\u00e6et t\u00e6ndes p\u00e5 s\u00f8ndag"},"content":{"rendered":"<p>En lille&#8230;. endog meget lille&#8230;. skare af byen borgere opsatte i l\u00f8rdags byens juletr\u00e6 p\u00e5 torvet foran forsamlingshuset.<\/p>\n<p><img decoding=\"async\" loading=\"lazy\" class=\" size-full wp-image-132\" src=\"https:\/\/www.news.veerst.info\/wp-content\/uploads\/2009\/11\/Billede_008.jpg\" alt=\"Billede_008\" height=\"324\" width=\"576\" width=\"576\" height=\"324\" srcset=\"https:\/\/www.news.veerst.info\/wp-content\/uploads\/2009\/11\/Billede_008.jpg 576w, https:\/\/www.news.veerst.info\/wp-content\/uploads\/2009\/11\/Billede_008-300x168.jpg 300w\" sizes=\"(max-width: 576px) 100vw, 576px\" \/><\/p>\n<p>S\u00f8ndag den 29. november (1. s\u00f8ndag i Advent) t\u00e6ndes tr\u00e6et af selveste Julemanden. Arrangementet starter i Veerst Kirke kl. 15.00 hvorefter man, i samlet flok, bev\u00e6ger sig mod forsamlingshuset. Der vil v\u00e6re mulighed for k\u00f8b af diverse drikkevarer og lidt spiseligt til maven. Jeres flyvske skribent er ikke orienteret yderligere om arrangementet, s\u00e5 der kan kun anbefales at man m\u00f8der talrigt op og deltager i denne hyggelige eftermiddag i Veerst.<\/p>\n<p><img decoding=\"async\" loading=\"lazy\" class=\" size-full wp-image-133\" src=\"https:\/\/www.news.veerst.info\/wp-content\/uploads\/2009\/11\/Billede_010.jpg\" alt=\"Billede_010\" height=\"324\" width=\"576\" width=\"576\" height=\"324\" srcset=\"https:\/\/www.news.veerst.info\/wp-content\/uploads\/2009\/11\/Billede_010.jpg 576w, https:\/\/www.news.veerst.info\/wp-content\/uploads\/2009\/11\/Billede_010-300x168.jpg 300w\" sizes=\"(max-width: 576px) 100vw, 576px\" \/><\/p>\n<p>Veerst.dk er desv\u00e6rre ikke repr\u00e6senteret ved arrangementet. Skulle du v\u00e6re i besiddelse af et digitalt kamera, s\u00e5 send et par billeder og nogle f\u00e5 stik stikord om arrangementet! P\u00e5 den m\u00e5de hj\u00e6lper vi hinanden til at g\u00f8re Veerst.dk til en god og l\u00e6sev\u00e6rdig hjemmeside. Tak for hj\u00e6lpen.<\/p>\n<p>Mail: <a href=\"mailto:mogens.g.jensen@gmail.com\">mogens.g.jensen@gmail.com<\/a><\/p>\n<p>\u00a0<\/p>\n","protected":false},"excerpt":{"rendered":"<p>En lille&#8230;. endog meget lille&#8230;. skare af byen borgere opsatte i l\u00f8rdags byens juletr\u00e6 p\u00e5 torvet foran forsamlingshuset. S\u00f8ndag den 29. november (1. s\u00f8ndag i Advent) t\u00e6ndes tr\u00e6et af selveste Julemanden. Arrangementet starter i Veerst Kirke kl. 15.00 hvorefter man,&hellip;<\/p>\n<p class=\"more-link-p\"><a class=\"more-link\" href=\"https:\/\/www.news.veerst.info\/?p=134\">Read more &rarr;<\/a><\/p>\n","protected":false},"author":1,"featured_media":132,"comment_status":"open","ping_status":"open","sticky":false,"template":"","format":"standard","meta":[],"categories":[15],"tags":[],"_links":{"self":[{"href":"https:\/\/www.news.veerst.info\/index.php?rest_route=\/wp\/v2\/posts\/134"}],"collection":[{"href":"https:\/\/www.news.veerst.info\/index.php?rest_route=\/wp\/v2\/posts"}],"about":[{"href":"https:\/\/www.news.veerst.info\/index.php?rest_route=\/wp\/v2\/types\/post"}],"author":[{"embeddable":true,"href":"https:\/\/www.news.veerst.info\/index.php?rest_route=\/wp\/v2\/users\/1"}],"replies":[{"embeddable":true,"href":"https:\/\/www.news.veerst.info\/index.php?rest_route=%2Fwp%2Fv2%2Fcomments&post=134"}],"version-history":[{"count":0,"href":"https:\/\/www.news.veerst.info\/index.php?rest_route=\/wp\/v2\/posts\/134\/revisions"}],"wp:featuredmedia":[{"embeddable":true,"href":"https:\/\/www.news.veerst.info\/index.php?rest_route=\/wp\/v2\/media\/132"}],"wp:attachment":[{"href":"https:\/\/www.news.veerst.info\/index.php?rest_route=%2Fwp%2Fv2%2Fmedia&parent=134"}],"wp:term":[{"taxonomy":"category","embeddable":true,"href":"https:\/\/www.news.veerst.info\/index.php?rest_route=%2Fwp%2Fv2%2Fcategories&post=134"},{"taxonomy":"post_tag","embeddable":true,"href":"https:\/\/www.news.veerst.info\/index.php?rest_route=%2Fwp%2Fv2%2Ftags&post=134"}],"curies":[{"name":"wp","href":"https:\/\/api.w.org\/{rel}","templated":true}]}}