{"id":137,"date":"2009-11-29T18:51:11","date_gmt":"2009-11-29T18:51:11","guid":{"rendered":"https:\/\/www.news.veerst.info\/?p=137"},"modified":"2009-11-29T18:51:11","modified_gmt":"2009-11-29T18:51:11","slug":"aebleskiverne-slap-op-sa-mange-var-modt-frem-til-juletraeets-taending","status":"publish","type":"post","link":"https:\/\/www.news.veerst.info\/?p=137","title":{"rendered":"\u00c6bleskiverne slap op &#8211; s\u00e5 mange var m\u00f8dt frem til juletr\u00e6ets t\u00e6nding"},"content":{"rendered":"<p>Arrang\u00f8rerne af \u00e5rets juletr\u00e6st\u00e6nding blev overrasket over, hvor mange der m\u00f8dte op til begivenheden og Veerst.dk var p\u00e5 trods af\u00a0 g\u00e5rsdagens annoncering af det modsatte, nu alligevel repr\u00e6senteret. S\u00e5 her f\u00e5r I nu historien om \u00e6bleskiverne der slap op, mens hum\u00f8ret hos b\u00e5de voksne og b\u00f8rn blev h\u00f8jt.<\/p>\n<p>Efter gudstjenesten i Veerst kirke, som startede kl 15, gik mange hen til torvet ved forsamlingshuset, hvor Martin M\u00f8hl s\u00f8rgede for at synge for til en julesang umiddelbart efter, at juletr\u00e6ets lys var blevet t\u00e6ndt. Som det tydeligt fremg\u00e5r af billedet nedenfor regnede det lidt, men det gjorde nu ikke s\u00e5 meget, for der var jo dejligt varmt og hyggeligt inde i forsamlingshuset.<\/p>\n<p><img decoding=\"async\" loading=\"lazy\" class=\" size-full wp-image-135\" alt=\"sized_IMG_2442\" src=\"https:\/\/www.news.veerst.info\/wp-content\/uploads\/2009\/11\/sized_IMG_2442.jpg\" width=\"640\" height=\"427\" width=\"640\" height=\"427\" srcset=\"https:\/\/www.news.veerst.info\/wp-content\/uploads\/2009\/11\/sized_IMG_2442.jpg 640w, https:\/\/www.news.veerst.info\/wp-content\/uploads\/2009\/11\/sized_IMG_2442-300x200.jpg 300w\" sizes=\"(max-width: 640px) 100vw, 640px\" \/><\/p>\n<p>Julemanden kom frem og hilste p\u00e5 b\u00f8rnene udenfor forsamlingshuset inden vi allesammen gik indenfor, hvor stemningen blev meget &#8220;jule-december&#8221; agtig, fordi man havde d\u00e6mpet lyset rigtig meget. Indenfor havde man ogs\u00e5 s\u00f8rget for et juletr\u00e6, s\u00e5 det kom rigtigt til sin ret i den d\u00e6mpede, men hyggelige belysning. Da julemanden var bragt p\u00e5 plads n\u00e6r det indend\u00f8rs juletr\u00e6 kunne b\u00f8rnene modtage deres slikposer. Desv\u00e6rre gik det med slikposerne, som det senere gik med den f\u00f8rste portion \u00e6bleskiver, de slap op. Men det \u00f8delagde nu ikke hum\u00f8ret hos b\u00f8rnene, som efter sigende begyndte at dele slik fra de uddelte poser med hinanden.<\/p>\n<p>Arrang\u00f8rerne, hvoraf man kan se de 4 her nedenfor (julemanden inklusive) havde travlt med at bage \u00e6bleskiver, varme gl\u00f8g og stille borde frem, mens folk gik fra kirken. Med tilladelse fra de tre, fik vi lov til at tage billedet, som I ser nedenfor.<\/p>\n<p><img decoding=\"async\" loading=\"lazy\" class=\" size-full wp-image-136\" alt=\"sized_IMG_2453\" src=\"https:\/\/www.news.veerst.info\/wp-content\/uploads\/2009\/11\/sized_IMG_2453.jpg\" width=\"640\" height=\"427\" width=\"640\" height=\"427\" srcset=\"https:\/\/www.news.veerst.info\/wp-content\/uploads\/2009\/11\/sized_IMG_2453.jpg 640w, https:\/\/www.news.veerst.info\/wp-content\/uploads\/2009\/11\/sized_IMG_2453-300x200.jpg 300w\" sizes=\"(max-width: 640px) 100vw, 640px\" \/><\/p>\n<p>Borgerne i Veerst giver dem lige et bifald &#8211; ikk? B\u00f8rn og voksne gik i hvertfald fra juletr\u00e6st\u00e6ndingen i godt hum\u00f8r.<\/p>\n<p>Se flere billeder nedenfor:<\/p>\n<p>{gallery}juletrae_2009{\/gallery}<\/p>\n","protected":false},"excerpt":{"rendered":"<p>Arrang\u00f8rerne af \u00e5rets juletr\u00e6st\u00e6nding blev overrasket over, hvor mange der m\u00f8dte op til begivenheden og Veerst.dk var p\u00e5 trods af\u00a0 g\u00e5rsdagens annoncering af det modsatte, nu alligevel repr\u00e6senteret. S\u00e5 her f\u00e5r I nu historien om \u00e6bleskiverne der slap op, mens&hellip;<\/p>\n<p class=\"more-link-p\"><a class=\"more-link\" href=\"https:\/\/www.news.veerst.info\/?p=137\">Read more &rarr;<\/a><\/p>\n","protected":false},"author":1,"featured_media":135,"comment_status":"open","ping_status":"open","sticky":false,"template":"","format":"standard","meta":[],"categories":[21],"tags":[],"_links":{"self":[{"href":"https:\/\/www.news.veerst.info\/index.php?rest_route=\/wp\/v2\/posts\/137"}],"collection":[{"href":"https:\/\/www.news.veerst.info\/index.php?rest_route=\/wp\/v2\/posts"}],"about":[{"href":"https:\/\/www.news.veerst.info\/index.php?rest_route=\/wp\/v2\/types\/post"}],"author":[{"embeddable":true,"href":"https:\/\/www.news.veerst.info\/index.php?rest_route=\/wp\/v2\/users\/1"}],"replies":[{"embeddable":true,"href":"https:\/\/www.news.veerst.info\/index.php?rest_route=%2Fwp%2Fv2%2Fcomments&post=137"}],"version-history":[{"count":0,"href":"https:\/\/www.news.veerst.info\/index.php?rest_route=\/wp\/v2\/posts\/137\/revisions"}],"wp:featuredmedia":[{"embeddable":true,"href":"https:\/\/www.news.veerst.info\/index.php?rest_route=\/wp\/v2\/media\/135"}],"wp:attachment":[{"href":"https:\/\/www.news.veerst.info\/index.php?rest_route=%2Fwp%2Fv2%2Fmedia&parent=137"}],"wp:term":[{"taxonomy":"category","embeddable":true,"href":"https:\/\/www.news.veerst.info\/index.php?rest_route=%2Fwp%2Fv2%2Fcategories&post=137"},{"taxonomy":"post_tag","embeddable":true,"href":"https:\/\/www.news.veerst.info\/index.php?rest_route=%2Fwp%2Fv2%2Ftags&post=137"}],"curies":[{"name":"wp","href":"https:\/\/api.w.org\/{rel}","templated":true}]}}