{"id":148,"date":"2010-01-11T08:05:54","date_gmt":"2010-01-11T08:05:54","guid":{"rendered":"https:\/\/www.news.veerst.info\/?p=148"},"modified":"2010-01-11T08:05:54","modified_gmt":"2010-01-11T08:05:54","slug":"generalforsamling-i-veerst-bylaug-og-projekt-stotteforening","status":"publish","type":"post","link":"https:\/\/www.news.veerst.info\/?p=148","title":{"rendered":"Generalforsamling i Veerst bylaug og projekt-st\u00f8tteforening"},"content":{"rendered":"<p>\u00a0 <\/p>\n<p style=\"text-align: center;\"><strong>Bylauget for Veerst og Omegn <\/strong><strong>og Veerst Projekt-st\u00f8tteforening<\/strong><\/p>\n<p style=\"text-align: center;\">indkalder til generalforsamling<strong><\/strong><\/p>\n<p style=\"text-align: center;\"><strong>Mandag d.8. februar 2010 kl. 19.00 i Veerst Forsamlingshus.<\/strong><\/p>\n<p style=\"text-align: center;\"><strong>Bylauget for Veerst og Omegn:<\/strong><\/p>\n<p style=\"text-align: center;\">Dagsorden if\u00f8lge vedt\u00e6gterne.<\/p>\n<p style=\"text-align: center;\"><span style=\"color: #ff0000;\"><strong>Vi mangler nye bestyrelsesmedlemmer!<\/strong><\/span><\/p>\n<p style=\"text-align: center;\"><span style=\"color: #ff0000;\"><strong>Hvis du har lyst til at tage en t\u00f8rn i Bylauget skal du ringe til <\/strong><\/span><\/p>\n<p style=\"text-align: center;\"><span style=\"color: #ff0000;\"><strong>Niels Peter, 40 57 50 78\u00a0 <\/strong><\/span><\/p>\n<p style=\"text-align: center;\"><span style=\"color: #ff0000;\"><strong>senest 31. januar.<\/strong><\/span><\/p>\n<p style=\"text-align: justify;\">Forslag, der \u00f8nskes behandlet indgives skriftligt til<\/p>\n<p style=\"text-align: justify;\"><strong>Niels Peter Landmark<\/strong>, Kirkevej 21, Veerst, 6600 Vejen<\/p>\n<p style=\"text-align: justify;\">senest 8 dage f\u00f8r generalforsamlingen.<\/p>\n<p style=\"text-align: center;\"><strong>Veerst Projekt-st\u00f8tteforening:<\/strong><\/p>\n<p style=\"text-align: center;\">Dagsorden if\u00f8lge vedt\u00e6gterne. Forslag, der \u00f8nskes behandlet<\/p>\n<p style=\"text-align: center;\">indgives skriftligt til <strong>Martin M\u00f8hl<\/strong>, Kirkevej 15, Veerst, 6600<\/p>\n<p style=\"text-align: center;\">Vejen senest 8 dage f\u00f8r generalforsamlingen.<\/p>\n<p style=\"text-align: center;\">VEL M\u00d8DT! &#8211; Bestyrelsen<\/p>\n","protected":false},"excerpt":{"rendered":"<p>\u00a0 Bylauget for Veerst og Omegn og Veerst Projekt-st\u00f8tteforening indkalder til generalforsamling Mandag d.8. februar 2010 kl. 19.00 i Veerst Forsamlingshus. Bylauget for Veerst og Omegn: Dagsorden if\u00f8lge vedt\u00e6gterne. Vi mangler nye bestyrelsesmedlemmer! Hvis du har lyst til at tage&hellip;<\/p>\n<p class=\"more-link-p\"><a class=\"more-link\" href=\"https:\/\/www.news.veerst.info\/?p=148\">Read more &rarr;<\/a><\/p>\n","protected":false},"author":1,"featured_media":0,"comment_status":"open","ping_status":"open","sticky":false,"template":"","format":"standard","meta":[],"categories":[21],"tags":[],"_links":{"self":[{"href":"https:\/\/www.news.veerst.info\/index.php?rest_route=\/wp\/v2\/posts\/148"}],"collection":[{"href":"https:\/\/www.news.veerst.info\/index.php?rest_route=\/wp\/v2\/posts"}],"about":[{"href":"https:\/\/www.news.veerst.info\/index.php?rest_route=\/wp\/v2\/types\/post"}],"author":[{"embeddable":true,"href":"https:\/\/www.news.veerst.info\/index.php?rest_route=\/wp\/v2\/users\/1"}],"replies":[{"embeddable":true,"href":"https:\/\/www.news.veerst.info\/index.php?rest_route=%2Fwp%2Fv2%2Fcomments&post=148"}],"version-history":[{"count":0,"href":"https:\/\/www.news.veerst.info\/index.php?rest_route=\/wp\/v2\/posts\/148\/revisions"}],"wp:attachment":[{"href":"https:\/\/www.news.veerst.info\/index.php?rest_route=%2Fwp%2Fv2%2Fmedia&parent=148"}],"wp:term":[{"taxonomy":"category","embeddable":true,"href":"https:\/\/www.news.veerst.info\/index.php?rest_route=%2Fwp%2Fv2%2Fcategories&post=148"},{"taxonomy":"post_tag","embeddable":true,"href":"https:\/\/www.news.veerst.info\/index.php?rest_route=%2Fwp%2Fv2%2Ftags&post=148"}],"curies":[{"name":"wp","href":"https:\/\/api.w.org\/{rel}","templated":true}]}}