{"id":152,"date":"2010-02-09T15:40:43","date_gmt":"2010-02-09T15:40:43","guid":{"rendered":"https:\/\/www.news.veerst.info\/?p=152"},"modified":"2010-02-09T15:40:43","modified_gmt":"2010-02-09T15:40:43","slug":"julens-glaede-i-veerst","status":"publish","type":"post","link":"https:\/\/www.news.veerst.info\/?p=152","title":{"rendered":"Julens Gl\u00e6de i Veerst"},"content":{"rendered":"<div style=\"text-align: center;\"><span style=\"color: #339966; font-size: 18pt;\"><strong><span style=\"font-size: 24pt;\">Julen har englelyd<\/span><\/strong><\/span><\/div>\n<p style=\"text-align: center;\"><span style=\"color: #339966; font-size: 18pt;\"><strong><span style=\"font-size: 24pt;\">Susanne samler ind med fryd!<\/span><\/strong><\/span><\/p>\n<p style=\"text-align: left;\"><span style=\"color: #339966; font-size: 18pt;\"><span style=\"font-size: 12pt;\"><span style=\"color: #000000;\"><span style=\"font-size: 14pt;\">&#8230;. og hvad er s\u00e5 det der f\u00e5r jeres skribent til at bryde ud i sang og finde sin poetiske \u00e5re frem?<\/span><\/span><\/span><\/span><\/p>\n<p style=\"text-align: left;\"><span style=\"color: #339966; font-size: 18pt;\"><span style=\"font-size: 12pt;\"><span style=\"color: #000000;\"><span style=\"font-size: 14pt;\"><\/span><\/span><\/span><\/span><\/p>\n<p style=\"text-align: left;\"><span style=\"color: #339966; font-size: 18pt;\"><span style=\"font-size: 12pt;\"><span style=\"color: #000000;\"><span style=\"font-size: 14pt;\">Jo&#8230; Spareforeningen &#8220;Julens Gl\u00e6de, Vejen&#8221; har f\u00e5et en indsamler i Veerst. Susanne Olsen har p\u00e5taget sig hvervet at hj\u00e6lpe byens borgere med at spare op til julen. Hver 14. dag vil man kunne f\u00e5 bes\u00f8g af hende og opspare et bel\u00f8b. Hvor meget man \u00f8nsker at spare er helt op til \u00e9n selv.<\/span><\/span><\/span><\/span><\/p>\n<p style=\"text-align: left;\"><span style=\"color: #339966; font-size: 18pt;\"><span style=\"font-size: 12pt;\"><span style=\"color: #000000;\"><span style=\"font-size: 14pt;\"><\/span><\/span><\/span><\/span><\/p>\n<p style=\"text-align: left;\"><span style=\"color: #339966; font-size: 18pt;\"><span style=\"font-size: 12pt;\"><span style=\"color: #000000;\"><span style=\"font-size: 14pt;\">Det opsparede bel\u00f8b udbetales den 5. december 2010 i Danske Banks lokaler i Vejen. Der fratr\u00e6kkes et \u00e5rligt gebyr p\u00e5 kr. 50,-.<\/span><\/span><\/span><\/span><\/p>\n<div style=\"text-align: left;\"><span style=\"color: #339966; font-size: 18pt;\"><span style=\"font-size: 12pt;\"><span style=\"color: #000000;\"><span style=\"font-size: 14pt;\"><\/span><\/span><\/span><\/span><\/div>\n<div style=\"text-align: left;\"><span style=\"color: #339966; font-size: 18pt;\"><span style=\"font-size: 12pt;\"><span style=\"color: #000000;\"><span style=\"font-size: 14pt;\">Susanne Olsen kan kontaktes p\u00e5 Kirkevej 23 i Veerst <\/span><\/span><\/span><\/span><\/div>\n<div style=\"text-align: left;\"><span style=\"color: #339966; font-size: 18pt;\"><span style=\"font-size: 12pt;\"><span style=\"color: #000000;\"><span style=\"font-size: 14pt;\"><\/span><\/span><\/span><\/span><span style=\"color: #339966; font-size: 18pt;\"><span style=\"font-size: 12pt;\"><span style=\"color: #000000;\"><span style=\"font-size: 14pt;\">eller p\u00e5 telefon 75 55 53 02, mobil 28 90 95 14.<\/span><\/span><\/span><\/span><\/div>\n<p style=\"text-align: center;\"><span style=\"color: #339966; font-size: 18pt;\"><span style=\"font-size: 12pt;\"><span style=\"color: #000000;\"><span style=\"font-size: 24pt;\"><span style=\"color: #339966;\"><strong>Skillamadinkadinkaduuuuu<\/strong><\/span><\/span><\/span><\/span><\/span><\/p>\n<p style=\"text-align: center;\"><span style=\"color: #339966; font-size: 18pt;\"><strong><span style=\"font-size: 24pt;\"><\/span><\/strong><\/span><\/p>\n","protected":false},"excerpt":{"rendered":"<p>Julen har englelyd Susanne samler ind med fryd! &#8230;. og hvad er s\u00e5 det der f\u00e5r jeres skribent til at bryde ud i sang og finde sin poetiske \u00e5re frem? Jo&#8230; Spareforeningen &#8220;Julens Gl\u00e6de, Vejen&#8221; har f\u00e5et en indsamler i&hellip;<\/p>\n<p class=\"more-link-p\"><a class=\"more-link\" href=\"https:\/\/www.news.veerst.info\/?p=152\">Read more &rarr;<\/a><\/p>\n","protected":false},"author":1,"featured_media":0,"comment_status":"open","ping_status":"open","sticky":false,"template":"","format":"standard","meta":[],"categories":[19],"tags":[],"_links":{"self":[{"href":"https:\/\/www.news.veerst.info\/index.php?rest_route=\/wp\/v2\/posts\/152"}],"collection":[{"href":"https:\/\/www.news.veerst.info\/index.php?rest_route=\/wp\/v2\/posts"}],"about":[{"href":"https:\/\/www.news.veerst.info\/index.php?rest_route=\/wp\/v2\/types\/post"}],"author":[{"embeddable":true,"href":"https:\/\/www.news.veerst.info\/index.php?rest_route=\/wp\/v2\/users\/1"}],"replies":[{"embeddable":true,"href":"https:\/\/www.news.veerst.info\/index.php?rest_route=%2Fwp%2Fv2%2Fcomments&post=152"}],"version-history":[{"count":0,"href":"https:\/\/www.news.veerst.info\/index.php?rest_route=\/wp\/v2\/posts\/152\/revisions"}],"wp:attachment":[{"href":"https:\/\/www.news.veerst.info\/index.php?rest_route=%2Fwp%2Fv2%2Fmedia&parent=152"}],"wp:term":[{"taxonomy":"category","embeddable":true,"href":"https:\/\/www.news.veerst.info\/index.php?rest_route=%2Fwp%2Fv2%2Fcategories&post=152"},{"taxonomy":"post_tag","embeddable":true,"href":"https:\/\/www.news.veerst.info\/index.php?rest_route=%2Fwp%2Fv2%2Ftags&post=152"}],"curies":[{"name":"wp","href":"https:\/\/api.w.org\/{rel}","templated":true}]}}