{"id":155,"date":"2010-02-14T20:31:18","date_gmt":"2010-02-14T20:31:18","guid":{"rendered":"https:\/\/www.news.veerst.info\/?p=155"},"modified":"2010-02-14T20:31:18","modified_gmt":"2010-02-14T20:31:18","slug":"referat-fra-generalforsamling-i-bylauget-2010","status":"publish","type":"post","link":"https:\/\/www.news.veerst.info\/?p=155","title":{"rendered":"Referat fra generalforsamling i Bylauget 2010"},"content":{"rendered":"<div><strong>Generalforsamling i Veerst forsamlingshus &#8211; mandag d. 8. februar 2010<\/strong><\/div>\n<div><strong>Tilstede er 19 personer inkl. bestyrelsen. <\/strong><\/div>\n<div>\u00a0<\/div>\n<div>Ole Mortensen er valgt som ordstyrer.<\/div>\n<div>Anette Knudsen er valgt som referent.<\/div>\n<div>Jens, Pernille og Kent er valgt som stemmet\u00e6ller.<\/div>\n<div>\u00a0<\/div>\n<div>Martin M\u00f8hl informerer:<\/div>\n<div>Veerst projektst\u00f8tteforening<\/div>\n<ul>\n<li>\n<div>&#8211; Der er ikke ans\u00f8gt om st\u00f8tte fra foreningen.<\/div>\n<\/li>\n<li>\n<div>&#8211; Regnskab &#8211; Tilskrevet er renter.<\/div>\n<\/li>\n<\/ul>\n<div>Der sp\u00f8rges til, om arbejdskraft kan omregnes til &#8220;kontanter&#8221; og derved indg\u00e5 de 50% der skal erl\u00e6gges, mod at f\u00e5 penge fra st\u00f8tteforeningen. Dette er ikke ut\u00e6nkeligt, men det vurderes ved ans\u00f8gning.<\/div>\n<div>\u00a0<\/div>\n<ul>\n<li>\n<div>&#8211; De samme v\u00e6lges igen. Niels v\u00e6lges som suppleant.<\/div>\n<\/li>\n<li>\n<div>&#8211; Der sp\u00f8rges til, om st\u00f8tteforeningen har overvejet, at v\u00e6re et lokalr\u00e5d.\u00a0\u00a0<\/div>\n<\/li>\n<\/ul>\n<div>\u00a0<\/div>\n<div>Formandens beretning:<\/div>\n<div>\u00a0<\/div>\n<div>Veerst.dk er kommet op at k\u00f8re og fungerer bedre end f\u00f8r.<\/div>\n<div>Dilettantfesten 2009 var ikke nogen succes. Musikken sendt hjem kl. 23.30.<\/div>\n<div>Der er afholdt morgenmadsm\u00f8de hvortil der var gratis morgenmad. P\u00e5 dagen fremkom f\u00e6lles \u00f8nske, fra generelt alle, om en ny legeplads. Hovedtr\u00e6kkene til filmen blev ogs\u00e5 lavet den dag.<\/div>\n<div>Veerst filmen blev til, med lidt uoverensstemmelser.<\/div>\n<div>Sct. Hans afholdt.<\/div>\n<div>H\u00f8stfest var i \u00e5r lavet til h\u00f8stmarkedet, det gik rigtig godt. Der var helstegt pattegris, marked, auktion osv.<\/div>\n<div>F\u00e6llesspisningen i november, godt fremm\u00f8de og fremragende mad.<\/div>\n<div>Juletr\u00e6st\u00e6ndingen i \u00e5r med stor opbakning. 50 b\u00f8rn.<\/div>\n<div>Der har v\u00e6ret meget diskussion omkring hvorvidt bestyrelsen, er et lokal r\u00e5d eller et bylaug.<\/div>\n<div>\u00a0<\/div>\n<div>Regnskabet gennemg\u00e5et af kasserer. Formanden kommenterer regnskabet. Medlemskortene burde have v\u00e6ret ude meget f\u00f8r i 2009, der er desv\u00e6rre ikke ret mange, der har indbetalt.<\/div>\n<div>2010 er ikke delt ud endnu, men skal gerne deles ud tidligt i \u00e5r.<\/div>\n<div>Girokort kan sendes, evt. s\u00e6ttes op til 200,- og kan sendes med posten.<\/div>\n<div>Forsamlingshuset har ikke v\u00e6ret lejet s\u00e5 meget ud i 2009, som det var i 2008. Der har v\u00e6ret problemer med k\u00f8kkenet, tingene fungerer ikke. Reng\u00f8ringen har haltet og det har v\u00e6ret n\u00f8dvendigt, at k\u00f8be en del nyt til reng\u00f8ringen.<\/div>\n<div>\u00a0<\/div>\n<div>Der g\u00f8res opm\u00e6rksom p\u00e5 at det, der st\u00e5r som tilskud fra kommunen, er en pulje. Pengene gives som en pulje til byen.<\/div>\n<div>Idr\u00e6tsforeningen sp\u00f8rg til om de ogs\u00e5 er berettiget til puljen. Det er de. Pengene skal forvaltes udenfor bylauget eller idr\u00e6tsforeningen, eksempelvis \u00a0i et lokalr\u00e5d, eller begge foreninger sl\u00e5s sammen.<\/div>\n<div>Der kan ikke n\u00e5s til enighed. Efter de informationer bylauget har haft, har de gjort tingene efter bedste mening.<\/div>\n<div>Jens forsl\u00e5r igen at der skal holdes nogle flere borgerm\u00f8der.<\/div>\n<div>Der diskuteres omkring hvordan og hvilken forening der skal laves. Der g\u00f8res opm\u00e6rksom p\u00e5 at vi har sv\u00e6rt nok ved, at finde medlemmer til de foreninger vi har i forvejen.<\/div>\n<div>\u00a0<\/div>\n<div>Regnskabet godkendes.<\/div>\n<div>\u00a0<\/div>\n<div>Der sp\u00f8rges til &#8220;udviklingsplanerne&#8221;\u00a0<\/div>\n<div>Der g\u00f8res opm\u00e6rksom p\u00e5, at der ligger rigtig mange ideer ved den gamle bestyrelse, men de kan ikke f\u00e5 arbejdsro.<\/div>\n<div>Der mangler h\u00e6nder, en opfordring til alle som har ideer.<\/div>\n<div>\u00a0<\/div>\n<div>Valg:<\/div>\n<div>Brit er g\u00e5et ind i stedet for Dorthe V. 1 \u00e5r<\/div>\n<div>Niels er i bestyrelsen. 1 \u00e5r<\/div>\n<div>Niels-Peter. 2 \u00e5r<\/div>\n<div>Helene tr\u00e6der ind som nyt bestyrelsesmedlem. 2 \u00e5r<\/div>\n<div>Robert g\u00e5r ind i bestyrelsen. 1 \u00e5r<\/div>\n<div>Henning forts\u00e6tter. 1 \u00e5r.<\/div>\n<div>Dorthe V. v\u00e6lges ind. 2 \u00e5r<\/div>\n<div>Jytte bliver suppleant. 1 \u00e5r<\/div>\n<div>Dorthe K. bliver suppleant med kasserer posten. 1 \u00e5r.<\/div>\n<div>\u00a0<\/div>\n<div>Valg af revisor: Ole Mortensen\u00a0<\/div>\n<div>\u00a0<\/div>\n<div>Evt. Skal der laves &#8220;jeg kan hj\u00e6lpe liste&#8221;? Vi har nogle navne p\u00e5 nogle af de tilbagekommende sp\u00f8rgeskemaer.<\/div>\n<div>\u00a0<\/div>\n<div>Bylauget er et lokalr\u00e5d. Bylauget finder ud af hvordan og hvorledes Vejen kommunes udviklingsplaner im\u00f8dekommes.<\/div>\n<div>\u00a0<\/div>\n<div>Jens takker af. Det er meget vigtigt for Jens, at bylauget nu er et lokalr\u00e5d. Han har opn\u00e5et det han ville, nu skal bylauget v\u00e6re meget mere aktive i det politiske, mener han. Han vil i fremtiden holde \u00f8je med dem.<\/div>\n<div>\u00a0<\/div>\n<div>\u00a0<\/div>\n<div>\u00a0<\/div>\n<div>\u00a0<\/div>\n","protected":false},"excerpt":{"rendered":"<p>Generalforsamling i Veerst forsamlingshus &#8211; mandag d. 8. februar 2010 Tilstede er 19 personer inkl. bestyrelsen. \u00a0 Ole Mortensen er valgt som ordstyrer. Anette Knudsen er valgt som referent. Jens, Pernille og Kent er valgt som stemmet\u00e6ller. \u00a0 Martin M\u00f8hl&hellip;<\/p>\n<p class=\"more-link-p\"><a class=\"more-link\" href=\"https:\/\/www.news.veerst.info\/?p=155\">Read more &rarr;<\/a><\/p>\n","protected":false},"author":1,"featured_media":0,"comment_status":"open","ping_status":"open","sticky":false,"template":"","format":"standard","meta":[],"categories":[28],"tags":[],"_links":{"self":[{"href":"https:\/\/www.news.veerst.info\/index.php?rest_route=\/wp\/v2\/posts\/155"}],"collection":[{"href":"https:\/\/www.news.veerst.info\/index.php?rest_route=\/wp\/v2\/posts"}],"about":[{"href":"https:\/\/www.news.veerst.info\/index.php?rest_route=\/wp\/v2\/types\/post"}],"author":[{"embeddable":true,"href":"https:\/\/www.news.veerst.info\/index.php?rest_route=\/wp\/v2\/users\/1"}],"replies":[{"embeddable":true,"href":"https:\/\/www.news.veerst.info\/index.php?rest_route=%2Fwp%2Fv2%2Fcomments&post=155"}],"version-history":[{"count":0,"href":"https:\/\/www.news.veerst.info\/index.php?rest_route=\/wp\/v2\/posts\/155\/revisions"}],"wp:attachment":[{"href":"https:\/\/www.news.veerst.info\/index.php?rest_route=%2Fwp%2Fv2%2Fmedia&parent=155"}],"wp:term":[{"taxonomy":"category","embeddable":true,"href":"https:\/\/www.news.veerst.info\/index.php?rest_route=%2Fwp%2Fv2%2Fcategories&post=155"},{"taxonomy":"post_tag","embeddable":true,"href":"https:\/\/www.news.veerst.info\/index.php?rest_route=%2Fwp%2Fv2%2Ftags&post=155"}],"curies":[{"name":"wp","href":"https:\/\/api.w.org\/{rel}","templated":true}]}}