{"id":18,"date":"2009-04-26T11:27:24","date_gmt":"2009-04-26T11:27:24","guid":{"rendered":"https:\/\/www.news.veerst.info\/?p=18"},"modified":"2009-04-26T11:27:24","modified_gmt":"2009-04-26T11:27:24","slug":"flagalle","status":"publish","type":"post","link":"https:\/\/www.news.veerst.info\/?p=18","title":{"rendered":"Flagall\u00e9"},"content":{"rendered":"<p><strong>Flagall\u00e9<\/strong><\/p>\n<p>Flagall\u00e9en i Veerst er en af de hyggelige traditioner i byen. Flagene str\u00e6kker sig over det meste af Kronborgvej. Ud over de faste flagdage kan flagall\u00e9en lejes af private til s\u00e6rlige begivenheder. Her er all\u00e9en fotograferet p\u00e5 den store konfirmationsdag s\u00f8ndag den 26. april 2009.<\/p>\n<p><img decoding=\"async\" loading=\"lazy\" class=\" size-full wp-image-17\" src=\"https:\/\/www.news.veerst.info\/wp-content\/uploads\/2009\/04\/Flagall.jpg\" alt=\"Flagall\" width=\"640\" height=\"480\" width=\"640\" height=\"480\" srcset=\"https:\/\/www.news.veerst.info\/wp-content\/uploads\/2009\/04\/Flagall.jpg 640w, https:\/\/www.news.veerst.info\/wp-content\/uploads\/2009\/04\/Flagall-300x225.jpg 300w\" sizes=\"(max-width: 640px) 100vw, 640px\" \/><\/p>\n","protected":false},"excerpt":{"rendered":"<p>Flagall\u00e9 Flagall\u00e9en i Veerst er en af de hyggelige traditioner i byen. Flagene str\u00e6kker sig over det meste af Kronborgvej. Ud over de faste flagdage kan flagall\u00e9en lejes af private til s\u00e6rlige begivenheder. Her er all\u00e9en fotograferet p\u00e5 den store&hellip;<\/p>\n<p class=\"more-link-p\"><a class=\"more-link\" href=\"https:\/\/www.news.veerst.info\/?p=18\">Read more &rarr;<\/a><\/p>\n","protected":false},"author":1,"featured_media":17,"comment_status":"open","ping_status":"open","sticky":false,"template":"","format":"standard","meta":[],"categories":[18],"tags":[],"_links":{"self":[{"href":"https:\/\/www.news.veerst.info\/index.php?rest_route=\/wp\/v2\/posts\/18"}],"collection":[{"href":"https:\/\/www.news.veerst.info\/index.php?rest_route=\/wp\/v2\/posts"}],"about":[{"href":"https:\/\/www.news.veerst.info\/index.php?rest_route=\/wp\/v2\/types\/post"}],"author":[{"embeddable":true,"href":"https:\/\/www.news.veerst.info\/index.php?rest_route=\/wp\/v2\/users\/1"}],"replies":[{"embeddable":true,"href":"https:\/\/www.news.veerst.info\/index.php?rest_route=%2Fwp%2Fv2%2Fcomments&post=18"}],"version-history":[{"count":0,"href":"https:\/\/www.news.veerst.info\/index.php?rest_route=\/wp\/v2\/posts\/18\/revisions"}],"wp:featuredmedia":[{"embeddable":true,"href":"https:\/\/www.news.veerst.info\/index.php?rest_route=\/wp\/v2\/media\/17"}],"wp:attachment":[{"href":"https:\/\/www.news.veerst.info\/index.php?rest_route=%2Fwp%2Fv2%2Fmedia&parent=18"}],"wp:term":[{"taxonomy":"category","embeddable":true,"href":"https:\/\/www.news.veerst.info\/index.php?rest_route=%2Fwp%2Fv2%2Fcategories&post=18"},{"taxonomy":"post_tag","embeddable":true,"href":"https:\/\/www.news.veerst.info\/index.php?rest_route=%2Fwp%2Fv2%2Ftags&post=18"}],"curies":[{"name":"wp","href":"https:\/\/api.w.org\/{rel}","templated":true}]}}