{"id":180,"date":"2010-03-09T13:26:21","date_gmt":"2010-03-09T13:26:21","guid":{"rendered":"https:\/\/www.news.veerst.info\/?p=180"},"modified":"2010-03-09T13:26:21","modified_gmt":"2010-03-09T13:26:21","slug":"og-der-var-vand-pa-bordet","status":"publish","type":"post","link":"https:\/\/www.news.veerst.info\/?p=180","title":{"rendered":"&#8230;og der var vand p\u00e5 bordet!"},"content":{"rendered":"<p>Mandag den 8. marts 2010 afholdte Veerst Vandv\u00e6rk generalforsamling i forsamlingshuset. Tilslutningen var ikke stor. Der deltog 11 personer inkl. bestyrelsen.<\/p>\n<p><img decoding=\"async\" loading=\"lazy\" class=\" size-full wp-image-178\" height=\"519\" width=\"630\" src=\"https:\/\/www.news.veerst.info\/wp-content\/uploads\/2010\/03\/smrrebrd-1.jpg\" alt=\"smrrebrd-1\" width=\"912\" height=\"684\" \/><\/p>\n<p>Formanden kunne fort\u00e6lle at det har v\u00e6ret et travlt \u00e5r. Der har v\u00e6ret et par store skader hos aftagerne, stophaner der skulle flyttes, frostspr\u00e6ngte vandm\u00e5lere, etablering af brandhane, udskiftning af hovedm\u00e5ler i vandv\u00e6rksbygningen for ikke at forglemme den store forureningssag, hvor brugerne i en periode skulle koge vandet. Forureningen gjorde ogs\u00e5 at vandanalyserne skulle foretages oftere i en l\u00e6ngere periode. Alt dette har kostet mange penge og mange kr\u00e6fter, men formanden \u00e5ndede nu alligevel lettet op og s\u00e5 tilbage p\u00e5 \u00e5ret med hum\u00f8ret i top, idet Veerst Vandv\u00e6rk har form\u00e5et at bibeholde en sund \u00f8konomi ved at foretage de rigtige og velovervejede investeringer.<\/p>\n<p>Efter valg til bestyrelsen gik man direkte over til aftenens h\u00f8jdepunkt: indtagelse af sm\u00f8rrebr\u00f8d &#8230;.<\/p>\n<p><img decoding=\"async\" loading=\"lazy\" class=\" size-full wp-image-179\" height=\"509\" width=\"625\" src=\"https:\/\/www.news.veerst.info\/wp-content\/uploads\/2010\/03\/Vandpaabordet-1.jpg\" alt=\"Vandpaabordet-1\" width=\"912\" height=\"684\" \/><\/p>\n<p>Og der var, blandt andet, vand p\u00e5 bordet&#8230;&#8230; \u00a0<\/p>\n","protected":false},"excerpt":{"rendered":"<p>Mandag den 8. marts 2010 afholdte Veerst Vandv\u00e6rk generalforsamling i forsamlingshuset. Tilslutningen var ikke stor. Der deltog 11 personer inkl. bestyrelsen. Formanden kunne fort\u00e6lle at det har v\u00e6ret et travlt \u00e5r. Der har v\u00e6ret et par store skader hos aftagerne,&hellip;<\/p>\n<p class=\"more-link-p\"><a class=\"more-link\" href=\"https:\/\/www.news.veerst.info\/?p=180\">Read more &rarr;<\/a><\/p>\n","protected":false},"author":1,"featured_media":178,"comment_status":"open","ping_status":"open","sticky":false,"template":"","format":"standard","meta":[],"categories":[32],"tags":[],"_links":{"self":[{"href":"https:\/\/www.news.veerst.info\/index.php?rest_route=\/wp\/v2\/posts\/180"}],"collection":[{"href":"https:\/\/www.news.veerst.info\/index.php?rest_route=\/wp\/v2\/posts"}],"about":[{"href":"https:\/\/www.news.veerst.info\/index.php?rest_route=\/wp\/v2\/types\/post"}],"author":[{"embeddable":true,"href":"https:\/\/www.news.veerst.info\/index.php?rest_route=\/wp\/v2\/users\/1"}],"replies":[{"embeddable":true,"href":"https:\/\/www.news.veerst.info\/index.php?rest_route=%2Fwp%2Fv2%2Fcomments&post=180"}],"version-history":[{"count":0,"href":"https:\/\/www.news.veerst.info\/index.php?rest_route=\/wp\/v2\/posts\/180\/revisions"}],"wp:featuredmedia":[{"embeddable":true,"href":"https:\/\/www.news.veerst.info\/index.php?rest_route=\/wp\/v2\/media\/178"}],"wp:attachment":[{"href":"https:\/\/www.news.veerst.info\/index.php?rest_route=%2Fwp%2Fv2%2Fmedia&parent=180"}],"wp:term":[{"taxonomy":"category","embeddable":true,"href":"https:\/\/www.news.veerst.info\/index.php?rest_route=%2Fwp%2Fv2%2Fcategories&post=180"},{"taxonomy":"post_tag","embeddable":true,"href":"https:\/\/www.news.veerst.info\/index.php?rest_route=%2Fwp%2Fv2%2Ftags&post=180"}],"curies":[{"name":"wp","href":"https:\/\/api.w.org\/{rel}","templated":true}]}}