{"id":182,"date":"2010-03-11T11:30:33","date_gmt":"2010-03-11T11:30:33","guid":{"rendered":"https:\/\/www.news.veerst.info\/?p=182"},"modified":"2010-03-11T11:30:33","modified_gmt":"2010-03-11T11:30:33","slug":"vedtaegter-for-qbylauget-for-veerst-og-omegnq","status":"publish","type":"post","link":"https:\/\/www.news.veerst.info\/?p=182","title":{"rendered":"Vedt\u00e6gter for &#8220;Bylauget for Veerst og Omegn&#8221;"},"content":{"rendered":"<p>VEDT\u00c6GTER FOR BYLAUGET FOR VEERST OG OMEGN<\/p>\n<p>1.<\/p>\n<p>&#8220;Bylauget for Veerst og Omegn&#8221;\u00a0 er en sammenslutning af Veerst Borgerforening og Veerst Forsamlingshus, og begge videref\u00f8res under det f\u00e6lles navn: &#8220;Bylauget for Veerst og Omegn&#8221;.<\/p>\n<p>Bylauget for Veerst og Omegn blev stiftet den 22. marts 1993.<\/p>\n<p>\u00a0<\/p>\n<p>2.<\/p>\n<p>Bylauget for Veerst og en bred omegn, og beboere i dette omr\u00e5de indbydes til at v\u00e6re medlemmer heraf. Bestyrelsen fasts\u00e6tter \u00e5rskontingent og takster for udlejning.<\/p>\n<p>\u00a0<\/p>\n<p>3.<\/p>\n<p>Bylaugets form\u00e5l er at varetage fysiske anliggender for dets omr\u00e5de, og holde forsamlingshuset \u00e5ben for ud\u00f8velse af gymnastik, kulturelle og festlige arrangementer samt st\u00f8tte foreningsarbejdet.<\/p>\n<p>\u00a0<\/p>\n<p>4.<\/p>\n<p>Bylauget ledes af en bestyrelse p\u00e5 7 medlemmer. De v\u00e6lges ved stemmeflertal og ved skriftlig afstemning. Ingen kan v\u00e6lges uden tilsagn. Valget g\u00e6lder for to \u00e5r. Der afg\u00e5r henholdsvis 4 og 3. F\u00f8rste \u00e5r 4 ved lodtr\u00e6kning. Der v\u00e6lges 2 suppleanter for et \u00e5r ad gangen. Udtr\u00e6der et bestyrelsesmedlem i utide, indtr\u00e6der suppleanten i dennes sted indtil f\u00f8rstkommende generalforsamling. Det nye bestyrelsesmedlem v\u00e6lges for den eventuelt resterende valgperiode. Der v\u00e6lges 2 revisorer for 2 \u00e5r ad gangen; f\u00f8rste \u00e5r v\u00e6lges den ene kun for et \u00e5r. Valg af henholdsvis bestyrelsesmedlemmer og suppleanter sker hver for sig.<\/p>\n<p>\u00a0<\/p>\n<p>5.<\/p>\n<p>Omr\u00e5dets \u00f8vrige foreninger opfordres til at sende repr\u00e6sentanter til Bylaugets bestyrelsesm\u00f8der. De skal v\u00e6re bindeleddet til foreningerne og v\u00e6re med til at udbygge samarbejdet i hele omr\u00e5det.<\/p>\n<p>\u00a0<\/p>\n<p>6.<\/p>\n<p>Bestyrelsen v\u00e6lger selv sin formand, n\u00e6stformand kasserer og sekret\u00e6r. Over forhandling ved bestyrelsesm\u00f8der og generalforsamling f\u00f8res protokol.<\/p>\n<p>\u00a0<\/p>\n<p>7.<\/p>\n<p>Foreningens regnskaber f\u00f8lger kalender\u00e5ret.<\/p>\n<p>\u00a0<\/p>\n<p>8.<\/p>\n<p>Der afholdes generalforsamling i l\u00f8bet af februar hvert \u00e5r. Der indvarsles 14 dage forinden i lokalavisen. Formanden afl\u00e6gger beretning om det forl\u00f8bne \u00e5r. Kassereren freml\u00e6gger det reviderede regnskab. Vedt\u00e6gts\u00e6ndringer og andre forslag der \u00f8nskes behandlet p\u00e5 den \u00e5rlige generalforsamling, indgives skriftligt til formanden 8 dage f\u00f8r generalforsamlingen.<\/p>\n<p>\u00a0<\/p>\n<p>9.<\/p>\n<p>Ordstyreren, der v\u00e6lges af generalforsamlingen, underskriver sammen med formanden forhandlingsprotokollen.<\/p>\n<p>\u00a0<\/p>\n<p>10.<\/p>\n<p>Generalforsamlingen er Bylaugets \u00f8verste myndighed. Her godkendes holdninger og takster. Beslutningen tages ved almindeligt stemmeflertal og disse kan foretages p\u00e5 enhver lovlig indvarslet generalforsamling.<\/p>\n<p>\u00a0<\/p>\n<p>11.<\/p>\n<p>Ekstraordin\u00e6r generalforsamling afholdes n\u00e5r bestyrelsen finder anledning hertil, eller n\u00e5r mindst 16 medlemmer med motiver og dagsorden forlanger det. Beretning herom indgives skriftligt til formanden. Denne m\u00e5 s\u00e5 indkalde med 14 dages varsel.<\/p>\n<p>\u00a0<\/p>\n<p>12.<\/p>\n<p>Ved opl\u00f8sning af &#8220;Bylauget for Veerst og Omegn&#8221; tilbagef\u00f8res forsamlingshuset til sin tidligere selvst\u00e6ndighed med udgangspunkt i vedt\u00e6gterne fra 6. september 1989. Ligeledes tilbagef\u00f8res Borgerforeningen til udgangspunktet i vedt\u00e6gterne fra 28. januar 1988.<\/p>\n<p>\u00a0<\/p>\n<p>13.<\/p>\n<p>Ved endegyldig sammenslutning af Borgerforeningen og forsamlingshus afleveres afsluttede regnskaber med status.<\/p>\n<p>\u00a0<\/p>\n<p style=\"text-align: right;\">Vedt\u00e6gter g\u00e6ldende fra 1. februar 2005<\/p>\n<p>\u00a0<\/p>\n<p style=\"text-align: center;\"><img decoding=\"async\" loading=\"lazy\" class=\" size-full wp-image-181\" src=\"https:\/\/www.news.veerst.info\/wp-content\/uploads\/2010\/03\/Bestyrelse.gif\" alt=\"Bestyrelse\" width=\"1707\" height=\"1097\" width=\"1707\" height=\"1097\" \/><\/p>\n","protected":false},"excerpt":{"rendered":"<p>VEDT\u00c6GTER FOR BYLAUGET FOR VEERST OG OMEGN 1. &#8220;Bylauget for Veerst og Omegn&#8221;\u00a0 er en sammenslutning af Veerst Borgerforening og Veerst Forsamlingshus, og begge videref\u00f8res under det f\u00e6lles navn: &#8220;Bylauget for Veerst og Omegn&#8221;. Bylauget for Veerst og Omegn blev&hellip;<\/p>\n<p class=\"more-link-p\"><a class=\"more-link\" href=\"https:\/\/www.news.veerst.info\/?p=182\">Read more &rarr;<\/a><\/p>\n","protected":false},"author":1,"featured_media":181,"comment_status":"open","ping_status":"open","sticky":false,"template":"","format":"standard","meta":[],"categories":[15],"tags":[],"_links":{"self":[{"href":"https:\/\/www.news.veerst.info\/index.php?rest_route=\/wp\/v2\/posts\/182"}],"collection":[{"href":"https:\/\/www.news.veerst.info\/index.php?rest_route=\/wp\/v2\/posts"}],"about":[{"href":"https:\/\/www.news.veerst.info\/index.php?rest_route=\/wp\/v2\/types\/post"}],"author":[{"embeddable":true,"href":"https:\/\/www.news.veerst.info\/index.php?rest_route=\/wp\/v2\/users\/1"}],"replies":[{"embeddable":true,"href":"https:\/\/www.news.veerst.info\/index.php?rest_route=%2Fwp%2Fv2%2Fcomments&post=182"}],"version-history":[{"count":0,"href":"https:\/\/www.news.veerst.info\/index.php?rest_route=\/wp\/v2\/posts\/182\/revisions"}],"wp:featuredmedia":[{"embeddable":true,"href":"https:\/\/www.news.veerst.info\/index.php?rest_route=\/wp\/v2\/media\/181"}],"wp:attachment":[{"href":"https:\/\/www.news.veerst.info\/index.php?rest_route=%2Fwp%2Fv2%2Fmedia&parent=182"}],"wp:term":[{"taxonomy":"category","embeddable":true,"href":"https:\/\/www.news.veerst.info\/index.php?rest_route=%2Fwp%2Fv2%2Fcategories&post=182"},{"taxonomy":"post_tag","embeddable":true,"href":"https:\/\/www.news.veerst.info\/index.php?rest_route=%2Fwp%2Fv2%2Ftags&post=182"}],"curies":[{"name":"wp","href":"https:\/\/api.w.org\/{rel}","templated":true}]}}