{"id":183,"date":"2010-03-29T23:00:00","date_gmt":"2010-03-29T23:00:00","guid":{"rendered":"https:\/\/www.news.veerst.info\/?p=183"},"modified":"2010-03-29T23:00:00","modified_gmt":"2010-03-29T23:00:00","slug":"udviklingsplan","status":"publish","type":"post","link":"https:\/\/www.news.veerst.info\/?p=183","title":{"rendered":"Udviklingsplan"},"content":{"rendered":"<p>Nedenfor kan du l\u00e6se hele udviklingsplanen for Veerst sogn, som den er fremlagt for byr\u00e5det og de \u00f8vrige 22 lokalr\u00e5d i Vejen kommune den 22. marts. Solen skinnede fra en skyfri himmel den pinsel\u00f8rdag i 2009, hvor id\u00e9erne til planen blev til for en stor dels vedkommende. Vi h\u00e5ber, at solen fremover vil skinne lige s\u00e5 meget p\u00e5 planen og udviklingen i Veerst sogn. Vi opfordrer derfor til, at man bruger forummet til at deltage i en konsruktiv debat om planens forskellige dele, efterh\u00e5nden som planens elementer bliver til emner i forummet.<\/p>\n<p><img decoding=\"async\" loading=\"lazy\" class=\" size-full wp-image-42\" alt=\"fortorvscafeen_30_maj_09\" src=\"https:\/\/www.news.veerst.info\/wp-content\/uploads\/2009\/05\/fortorvscafeen_30_maj_09.jpg\" height=\"427\" width=\"640\" width=\"640\" height=\"427\" \/><\/p>\n<p>{edocs}Udviklingsplan_for_Veerst_sogn.pdf,600,800{\/edocs}<\/p>\n<p>\u00a0<\/p>\n","protected":false},"excerpt":{"rendered":"<p>Nedenfor kan du l\u00e6se hele udviklingsplanen for Veerst sogn, som den er fremlagt for byr\u00e5det og de \u00f8vrige 22 lokalr\u00e5d i Vejen kommune den 22. marts. Solen skinnede fra en skyfri himmel den pinsel\u00f8rdag i 2009, hvor id\u00e9erne til planen&hellip;<\/p>\n<p class=\"more-link-p\"><a class=\"more-link\" href=\"https:\/\/www.news.veerst.info\/?p=183\">Read more &rarr;<\/a><\/p>\n","protected":false},"author":1,"featured_media":42,"comment_status":"open","ping_status":"open","sticky":false,"template":"","format":"standard","meta":[],"categories":[17],"tags":[],"_links":{"self":[{"href":"https:\/\/www.news.veerst.info\/index.php?rest_route=\/wp\/v2\/posts\/183"}],"collection":[{"href":"https:\/\/www.news.veerst.info\/index.php?rest_route=\/wp\/v2\/posts"}],"about":[{"href":"https:\/\/www.news.veerst.info\/index.php?rest_route=\/wp\/v2\/types\/post"}],"author":[{"embeddable":true,"href":"https:\/\/www.news.veerst.info\/index.php?rest_route=\/wp\/v2\/users\/1"}],"replies":[{"embeddable":true,"href":"https:\/\/www.news.veerst.info\/index.php?rest_route=%2Fwp%2Fv2%2Fcomments&post=183"}],"version-history":[{"count":0,"href":"https:\/\/www.news.veerst.info\/index.php?rest_route=\/wp\/v2\/posts\/183\/revisions"}],"wp:featuredmedia":[{"embeddable":true,"href":"https:\/\/www.news.veerst.info\/index.php?rest_route=\/wp\/v2\/media\/42"}],"wp:attachment":[{"href":"https:\/\/www.news.veerst.info\/index.php?rest_route=%2Fwp%2Fv2%2Fmedia&parent=183"}],"wp:term":[{"taxonomy":"category","embeddable":true,"href":"https:\/\/www.news.veerst.info\/index.php?rest_route=%2Fwp%2Fv2%2Fcategories&post=183"},{"taxonomy":"post_tag","embeddable":true,"href":"https:\/\/www.news.veerst.info\/index.php?rest_route=%2Fwp%2Fv2%2Ftags&post=183"}],"curies":[{"name":"wp","href":"https:\/\/api.w.org\/{rel}","templated":true}]}}