{"id":187,"date":"2010-03-23T22:59:36","date_gmt":"2010-03-23T22:59:36","guid":{"rendered":"https:\/\/www.news.veerst.info\/?p=187"},"modified":"2010-03-23T22:59:36","modified_gmt":"2010-03-23T22:59:36","slug":"udviklingsplan-for-veerst-praesenteret","status":"publish","type":"post","link":"https:\/\/www.news.veerst.info\/?p=187","title":{"rendered":"Udviklingsplan for Veerst pr\u00e6senteret"},"content":{"rendered":"<p><strong><img decoding=\"async\" loading=\"lazy\" class=\" size-full wp-image-184\" src=\"https:\/\/www.news.veerst.info\/wp-content\/uploads\/2010\/03\/Flag_2.jpg\" alt=\"Flag_2\" width=\"400\" height=\"225\" width=\"400\" height=\"225\" srcset=\"https:\/\/www.news.veerst.info\/wp-content\/uploads\/2010\/03\/Flag_2.jpg 400w, https:\/\/www.news.veerst.info\/wp-content\/uploads\/2010\/03\/Flag_2-300x169.jpg 300w\" sizes=\"(max-width: 400px) 100vw, 400px\" \/><\/strong><\/p>\n<p>Den 22. marts 2010 blev den nye udviklingsplan for Veerst pr\u00e6senteret for en kreds af Vejens politikere. Arrangementet fandt sted p\u00e5 Askov H\u00f8jskole og havde tiltrukket en stor skare af interesserede. St\u00f8rstedelen af kommunens landsbyer var repr\u00e6senteret ved arrangementet. Sidst i taler\u00e6kken lovede borgmester Egon Fr\u00e6hr at samtlige udviklingsplaner ville blive n\u00f8je studeret og dr\u00f8ftet p\u00e5 et m\u00f8de \u00e9n af de f\u00f8rste dage i juni.<\/p>\n<p><img decoding=\"async\" loading=\"lazy\" class=\" size-full wp-image-185\" src=\"https:\/\/www.news.veerst.info\/wp-content\/uploads\/2010\/03\/Askov.jpg\" alt=\"Askov\" width=\"400\" height=\"225\" width=\"400\" height=\"225\" srcset=\"https:\/\/www.news.veerst.info\/wp-content\/uploads\/2010\/03\/Askov.jpg 400w, https:\/\/www.news.veerst.info\/wp-content\/uploads\/2010\/03\/Askov-300x169.jpg 300w\" sizes=\"(max-width: 400px) 100vw, 400px\" \/><\/p>\n<p>Udviklingsplanen for Veerst er udarbejdet af Bylauget i samarbejde med Lokalr\u00e5det. Selvom <em>Martin M\u00f8hl<\/em> og Robert \u00d8rsted har v\u00e6ret de store tovholdere i projektet, har byens foreninger og erhvervsliv haft mulighed for at s\u00e6tte deres fingeraftryk p\u00e5 planen. For f\u00f8rste gang er V. Thorsted indlemmet i udviklingsplanerne idet byen h\u00f8rer med under Veerst Sogn.<\/p>\n<p><img decoding=\"async\" loading=\"lazy\" class=\" size-full wp-image-186\" src=\"https:\/\/www.news.veerst.info\/wp-content\/uploads\/2010\/03\/Flag_1.jpg\" alt=\"Flag_1\" width=\"400\" height=\"225\" width=\"400\" height=\"225\" srcset=\"https:\/\/www.news.veerst.info\/wp-content\/uploads\/2010\/03\/Flag_1.jpg 400w, https:\/\/www.news.veerst.info\/wp-content\/uploads\/2010\/03\/Flag_1-300x169.jpg 300w\" sizes=\"(max-width: 400px) 100vw, 400px\" \/><\/p>\n<p>Udviklingsplanen er udviklet som et \u00e5bent medie og derfor vil planen i n\u00e6r fremtid blive offentliggjort p\u00e5 veerst.dk. Det betyder at projekterne ville kunne debatteres her p\u00e5 siden og \u00e6ndres i takt med borgernes indsigelser og \u00f8nsker.<\/p>\n<p>Bylauget og Lokalr\u00e5dets store \u00f8nske er at borgerne vil tage godt imod planen og deltage i de kommende projekter og ikke mindst deltage i debatten omkring disse.<\/p>\n<p>\u00a0<\/p>\n<p>\u00a0<\/p>\n","protected":false},"excerpt":{"rendered":"<p>Den 22. marts 2010 blev den nye udviklingsplan for Veerst pr\u00e6senteret for en kreds af Vejens politikere. Arrangementet fandt sted p\u00e5 Askov H\u00f8jskole og havde tiltrukket en stor skare af interesserede. St\u00f8rstedelen af kommunens landsbyer var repr\u00e6senteret ved arrangementet. Sidst&hellip;<\/p>\n<p class=\"more-link-p\"><a class=\"more-link\" href=\"https:\/\/www.news.veerst.info\/?p=187\">Read more &rarr;<\/a><\/p>\n","protected":false},"author":1,"featured_media":184,"comment_status":"open","ping_status":"open","sticky":false,"template":"","format":"standard","meta":[],"categories":[21],"tags":[],"_links":{"self":[{"href":"https:\/\/www.news.veerst.info\/index.php?rest_route=\/wp\/v2\/posts\/187"}],"collection":[{"href":"https:\/\/www.news.veerst.info\/index.php?rest_route=\/wp\/v2\/posts"}],"about":[{"href":"https:\/\/www.news.veerst.info\/index.php?rest_route=\/wp\/v2\/types\/post"}],"author":[{"embeddable":true,"href":"https:\/\/www.news.veerst.info\/index.php?rest_route=\/wp\/v2\/users\/1"}],"replies":[{"embeddable":true,"href":"https:\/\/www.news.veerst.info\/index.php?rest_route=%2Fwp%2Fv2%2Fcomments&post=187"}],"version-history":[{"count":0,"href":"https:\/\/www.news.veerst.info\/index.php?rest_route=\/wp\/v2\/posts\/187\/revisions"}],"wp:featuredmedia":[{"embeddable":true,"href":"https:\/\/www.news.veerst.info\/index.php?rest_route=\/wp\/v2\/media\/184"}],"wp:attachment":[{"href":"https:\/\/www.news.veerst.info\/index.php?rest_route=%2Fwp%2Fv2%2Fmedia&parent=187"}],"wp:term":[{"taxonomy":"category","embeddable":true,"href":"https:\/\/www.news.veerst.info\/index.php?rest_route=%2Fwp%2Fv2%2Fcategories&post=187"},{"taxonomy":"post_tag","embeddable":true,"href":"https:\/\/www.news.veerst.info\/index.php?rest_route=%2Fwp%2Fv2%2Ftags&post=187"}],"curies":[{"name":"wp","href":"https:\/\/api.w.org\/{rel}","templated":true}]}}