{"id":193,"date":"2010-03-24T09:02:25","date_gmt":"2010-03-24T09:02:25","guid":{"rendered":"https:\/\/www.news.veerst.info\/?p=193"},"modified":"2010-03-24T09:02:25","modified_gmt":"2010-03-24T09:02:25","slug":"saet-stort-kryds-i-kalenderen","status":"publish","type":"post","link":"https:\/\/www.news.veerst.info\/?p=193","title":{"rendered":"S\u00e6t STORT kryds i kalenderen"},"content":{"rendered":"<p><img decoding=\"async\" loading=\"lazy\" class=\" size-full wp-image-188\" height=\"450\" width=\"600\" src=\"https:\/\/www.news.veerst.info\/wp-content\/uploads\/2010\/03\/IMG_2752.jpg\" alt=\"IMG_2752\" width=\"600\" height=\"450\" srcset=\"https:\/\/www.news.veerst.info\/wp-content\/uploads\/2010\/03\/IMG_2752.jpg 600w, https:\/\/www.news.veerst.info\/wp-content\/uploads\/2010\/03\/IMG_2752-300x225.jpg 300w\" sizes=\"(max-width: 600px) 100vw, 600px\" \/><\/p>\n<p>&#8220;Kampen om Kulturhuset&#8221; er titlen p\u00e5 \u00e5rets dilettantforestilling i Veerst Forsamlingshus. Stykket foreg\u00e5r i en mindre landsby, hvor en kreds af borgere har deres egen private kamp om formandsposten i det nye Kulturhus. Vi f\u00f8lger Hans Halgren, Rita Rottstrumpf og Bent Bulderbuks p\u00e5 t\u00e6tteste hold i n\u00e6rkamp om det eftertragtede hverv.<\/p>\n<p><img decoding=\"async\" loading=\"lazy\" class=\" size-full wp-image-189\" height=\"450\" width=\"600\" src=\"https:\/\/www.news.veerst.info\/wp-content\/uploads\/2010\/03\/IMG_2754.jpg\" alt=\"IMG_2754\" width=\"600\" height=\"450\" srcset=\"https:\/\/www.news.veerst.info\/wp-content\/uploads\/2010\/03\/IMG_2754.jpg 600w, https:\/\/www.news.veerst.info\/wp-content\/uploads\/2010\/03\/IMG_2754-300x225.jpg 300w\" sizes=\"(max-width: 600px) 100vw, 600px\" \/><\/p>\n<p>I stykket indg\u00e5r ligeledes den alkoholiserede og sexfikserede Lola Lustigen.\u00a0Birgitte som ern\u00e6rer sig som healer, fris\u00f8r og dagplejemoder og som efter et bes\u00f8g i Tibet har f\u00e5et nyt navn. Egon som driver en kombineret vognmands- og ejendomsm\u00e6glerforretning for ikke at forglemme Palle og Hanne som s\u00f8rger for at komedien f\u00e5r en ganske uventet slutning.<\/p>\n<p><img decoding=\"async\" loading=\"lazy\" class=\" size-full wp-image-190\" height=\"450\" width=\"600\" src=\"https:\/\/www.news.veerst.info\/wp-content\/uploads\/2010\/03\/IMG_2758.jpg\" alt=\"IMG_2758\" width=\"600\" height=\"450\" srcset=\"https:\/\/www.news.veerst.info\/wp-content\/uploads\/2010\/03\/IMG_2758.jpg 600w, https:\/\/www.news.veerst.info\/wp-content\/uploads\/2010\/03\/IMG_2758-300x225.jpg 300w\" sizes=\"(max-width: 600px) 100vw, 600px\" \/><\/p>\n<p>Instrukt\u00f8ren fastsl\u00e5r, med et\u00a0lumsk smil,\u00a0at\u00a0enhver sammenligning med Veerst er ganske tilf\u00e6ldig og absolut ikke tilsigtet.<\/p>\n<p><img decoding=\"async\" loading=\"lazy\" class=\" size-full wp-image-191\" height=\"450\" width=\"600\" src=\"https:\/\/www.news.veerst.info\/wp-content\/uploads\/2010\/03\/IMG_2760.jpg\" alt=\"IMG_2760\" width=\"600\" height=\"450\" srcset=\"https:\/\/www.news.veerst.info\/wp-content\/uploads\/2010\/03\/IMG_2760.jpg 600w, https:\/\/www.news.veerst.info\/wp-content\/uploads\/2010\/03\/IMG_2760-300x225.jpg 300w\" sizes=\"(max-width: 600px) 100vw, 600px\" \/><\/p>\n<p>Der er generalpr\u00f8ve den 8. april 2010 kl. 1900. Prisen er kr. 80,00 for voksne og kr. 40,00 for b\u00f8rn indtil 12 \u00e5r. Kaffe eller sodavand samt kage er inklusiv i prisen.<\/p>\n<p>Premieren er den 9. april kl. 18.00. Arrangementet koster kr. 225,00 for voksne og kr. 125,00 for b\u00f8rn. Buffet, forestilling, musik og dans er inklusiv i prisen. Drikkevarer kan k\u00f8bes i baren til fordelagtige priser.<\/p>\n<p>S\u00e5fremt man har deltaget i arrangementet torsdag og \u00f8nsker deltagelse fredag, medbringer man blot sin billet og der fratr\u00e6kkes kr. 50,00 i entreprisen.<\/p>\n<p>Tilmelding til fredag den 9. april er n\u00f8dvendig p\u00e5 telefon 75 33 45 67 \/ 22 54 91 22 eller pr. e-mail: <a href=\"mailto:helenesvensson622@msn.com\">helenesvensson622@msn.com<\/a><\/p>\n<p><img decoding=\"async\" loading=\"lazy\" class=\" size-full wp-image-192\" height=\"450\" width=\"600\" src=\"https:\/\/www.news.veerst.info\/wp-content\/uploads\/2010\/03\/IMG_2763.jpg\" alt=\"IMG_2763\" width=\"600\" height=\"450\" srcset=\"https:\/\/www.news.veerst.info\/wp-content\/uploads\/2010\/03\/IMG_2763.jpg 600w, https:\/\/www.news.veerst.info\/wp-content\/uploads\/2010\/03\/IMG_2763-300x225.jpg 300w\" sizes=\"(max-width: 600px) 100vw, 600px\" \/><\/p>\n<p>\u00a0<\/p>\n","protected":false},"excerpt":{"rendered":"<p>&#8220;Kampen om Kulturhuset&#8221; er titlen p\u00e5 \u00e5rets dilettantforestilling i Veerst Forsamlingshus. Stykket foreg\u00e5r i en mindre landsby, hvor en kreds af borgere har deres egen private kamp om formandsposten i det nye Kulturhus. Vi f\u00f8lger Hans Halgren, Rita Rottstrumpf og&hellip;<\/p>\n<p class=\"more-link-p\"><a class=\"more-link\" href=\"https:\/\/www.news.veerst.info\/?p=193\">Read more &rarr;<\/a><\/p>\n","protected":false},"author":1,"featured_media":188,"comment_status":"open","ping_status":"open","sticky":false,"template":"","format":"standard","meta":[],"categories":[35],"tags":[],"_links":{"self":[{"href":"https:\/\/www.news.veerst.info\/index.php?rest_route=\/wp\/v2\/posts\/193"}],"collection":[{"href":"https:\/\/www.news.veerst.info\/index.php?rest_route=\/wp\/v2\/posts"}],"about":[{"href":"https:\/\/www.news.veerst.info\/index.php?rest_route=\/wp\/v2\/types\/post"}],"author":[{"embeddable":true,"href":"https:\/\/www.news.veerst.info\/index.php?rest_route=\/wp\/v2\/users\/1"}],"replies":[{"embeddable":true,"href":"https:\/\/www.news.veerst.info\/index.php?rest_route=%2Fwp%2Fv2%2Fcomments&post=193"}],"version-history":[{"count":0,"href":"https:\/\/www.news.veerst.info\/index.php?rest_route=\/wp\/v2\/posts\/193\/revisions"}],"wp:featuredmedia":[{"embeddable":true,"href":"https:\/\/www.news.veerst.info\/index.php?rest_route=\/wp\/v2\/media\/188"}],"wp:attachment":[{"href":"https:\/\/www.news.veerst.info\/index.php?rest_route=%2Fwp%2Fv2%2Fmedia&parent=193"}],"wp:term":[{"taxonomy":"category","embeddable":true,"href":"https:\/\/www.news.veerst.info\/index.php?rest_route=%2Fwp%2Fv2%2Fcategories&post=193"},{"taxonomy":"post_tag","embeddable":true,"href":"https:\/\/www.news.veerst.info\/index.php?rest_route=%2Fwp%2Fv2%2Ftags&post=193"}],"curies":[{"name":"wp","href":"https:\/\/api.w.org\/{rel}","templated":true}]}}