{"id":21,"date":"2009-04-26T13:22:59","date_gmt":"2009-04-26T13:22:59","guid":{"rendered":"https:\/\/www.news.veerst.info\/?p=21"},"modified":"2009-04-26T13:22:59","modified_gmt":"2009-04-26T13:22:59","slug":"kodyl-eftermiddag","status":"publish","type":"post","link":"https:\/\/www.news.veerst.info\/?p=21","title":{"rendered":"Kodyl eftermiddag"},"content":{"rendered":"<p><strong><em>Ko<\/em><\/strong><strong>dyl eftermiddag da <em>ko<\/em>driveren lod k\u00f8erne slippe <em>ko<\/em>blingen.<\/strong><\/p>\n<p>Den 26. april 2009 pr\u00e6cis kl. 12.40 slap Niels Peter Landmark 45 k\u00f8er ud af stalden. Der var m\u00f8dt mange mennesker op for at se k\u00f8erne danse. K\u00f8erne var dog ikke helt &#8220;vild med dans&#8221;. Landmark fort\u00e6ller at k\u00f8erne er lidt mere dansevillige n\u00e5r solen skinner. Det skyldes at de derved bliver bl\u00e6ndet af solen, og det g\u00f8r dem automatisk lidt mere dansevillige. Men koen her nedenfor begejstrede alligevel sit publikum. Se bare hvordan den udf\u00f8rer et &#8220;Kan man h\u00f8re noget&#8221; dansetrin.<\/p>\n<p><img decoding=\"async\" loading=\"lazy\" class=\" size-full wp-image-19\" alt=\"Er der mon noget at h\u00f8re?\" src=\"https:\/\/www.news.veerst.info\/wp-content\/uploads\/2009\/04\/er_der_noget_at_hore.jpg\" width=\"640\" height=\"426\" width=\"640\" height=\"426\" \/><\/p>\n<p>Efter afdansningsballet var Niels Peter v\u00e6rt ved en forfriskning. Alt i alt en hyggelig og tilbagevendende tradition i Veerst.<\/p>\n<h3>Dansende k\u00f8er tiltr\u00e6kker bes\u00f8gende fra n\u00e6r og fjern<\/h3>\n<p>Biologil\u00e6rer Thomas Peter Jacobsen fort\u00e6ller til Veerst.dk, at han og familien er er rejst helt fra Grindsted til Veerst for at se k\u00f8erne danse i Veerst. P\u00e5 billedet ses han med familien foran k\u00f8erne f\u00f8r de slippes l\u00f8s.<\/p>\n<p><img decoding=\"async\" loading=\"lazy\" class=\" size-full wp-image-20\" title=\"::\" class=\"jcetooltip\" alt=\"Tilrejsende biologil\u00e6rer og hans familie ser p\u00e5 k\u00f8erne f\u00f8r de slippes l\u00f8s\" src=\"https:\/\/www.news.veerst.info\/wp-content\/uploads\/2009\/04\/tilrejsende.jpg\" width=\"640\" height=\"426\" width=\"640\" height=\"426\" srcset=\"https:\/\/www.news.veerst.info\/wp-content\/uploads\/2009\/04\/tilrejsende.jpg 640w, https:\/\/www.news.veerst.info\/wp-content\/uploads\/2009\/04\/tilrejsende-300x199.jpg 300w\" sizes=\"(max-width: 640px) 100vw, 640px\" \/><\/p>\n<p>Herunder kan du se flere billeder fra begivenheden<\/p>\n<p>{gallery}Begivenheder\/koerne_dansede_09{\/gallery}<\/p>\n<p> <\/p>\n<p>\u00a0<\/p>\n<p>\u00a0<\/p>\n<p>\u00a0<\/p>\n","protected":false},"excerpt":{"rendered":"<p>Kodyl eftermiddag da kodriveren lod k\u00f8erne slippe koblingen. Den 26. april 2009 pr\u00e6cis kl. 12.40 slap Niels Peter Landmark 45 k\u00f8er ud af stalden. Der var m\u00f8dt mange mennesker op for at se k\u00f8erne danse. K\u00f8erne var dog ikke helt&hellip;<\/p>\n<p class=\"more-link-p\"><a class=\"more-link\" href=\"https:\/\/www.news.veerst.info\/?p=21\">Read more &rarr;<\/a><\/p>\n","protected":false},"author":1,"featured_media":19,"comment_status":"open","ping_status":"open","sticky":false,"template":"","format":"standard","meta":[],"categories":[18],"tags":[],"_links":{"self":[{"href":"https:\/\/www.news.veerst.info\/index.php?rest_route=\/wp\/v2\/posts\/21"}],"collection":[{"href":"https:\/\/www.news.veerst.info\/index.php?rest_route=\/wp\/v2\/posts"}],"about":[{"href":"https:\/\/www.news.veerst.info\/index.php?rest_route=\/wp\/v2\/types\/post"}],"author":[{"embeddable":true,"href":"https:\/\/www.news.veerst.info\/index.php?rest_route=\/wp\/v2\/users\/1"}],"replies":[{"embeddable":true,"href":"https:\/\/www.news.veerst.info\/index.php?rest_route=%2Fwp%2Fv2%2Fcomments&post=21"}],"version-history":[{"count":0,"href":"https:\/\/www.news.veerst.info\/index.php?rest_route=\/wp\/v2\/posts\/21\/revisions"}],"wp:featuredmedia":[{"embeddable":true,"href":"https:\/\/www.news.veerst.info\/index.php?rest_route=\/wp\/v2\/media\/19"}],"wp:attachment":[{"href":"https:\/\/www.news.veerst.info\/index.php?rest_route=%2Fwp%2Fv2%2Fmedia&parent=21"}],"wp:term":[{"taxonomy":"category","embeddable":true,"href":"https:\/\/www.news.veerst.info\/index.php?rest_route=%2Fwp%2Fv2%2Fcategories&post=21"},{"taxonomy":"post_tag","embeddable":true,"href":"https:\/\/www.news.veerst.info\/index.php?rest_route=%2Fwp%2Fv2%2Ftags&post=21"}],"curies":[{"name":"wp","href":"https:\/\/api.w.org\/{rel}","templated":true}]}}