{"id":233,"date":"2010-04-23T20:16:51","date_gmt":"2010-04-23T20:16:51","guid":{"rendered":"https:\/\/www.news.veerst.info\/?p=233"},"modified":"2010-04-23T20:16:51","modified_gmt":"2010-04-23T20:16:51","slug":"facebook-pa-veerstdk-veerstdk-pa-facebook","status":"publish","type":"post","link":"https:\/\/www.news.veerst.info\/?p=233","title":{"rendered":"Facebook p\u00e5 Veerst.dk &#8211; veerst.dk p\u00e5 Facebook"},"content":{"rendered":"<p>Veerst.dk gennemg\u00e5r en fors\u00f8gsfase for tiden. Men vores eksperimenter med at integrere Facebook med Veerst.dk og omvendt fungerer allerede s\u00e5 godt, at du kan logge p\u00e5 med din Facebookprofil her fra siden, hvis du ikke allerede er logget ind p\u00e5 Facebook. Hvis du allerede er logget p\u00e5 din Facebook-profil, n\u00e5r du bes\u00f8ger Veerst.dk, g\u00e5r det bare helt af sig selv. Med integrationen kan du nemlig invitere dine Facebookvenner til at se artikler eller du kan sende kommentarer til artiklerne via Facebook. Alt sammen, mens du l\u00e6ser p\u00e5 siden her.<\/p>\n<h3>En self made aplication p\u00e5 Facebook styres af Veerst.dk<br \/><\/h3>\n<p>P\u00e5 Facebook har vi skabt en applikation, som styres af teknikken her p\u00e5 veerst.dk og omvendt. Anette Knudsen startede i g\u00e5r en gruppe p\u00e5 Facebook (Veerst.dk) for alle der er interesserede i vores hjemmeside. Det f\u00f8rte til, at vi bagefter udviklede en applikation p\u00e5 Facebook (ogs\u00e5 med navnet: Veerst.dk).<\/p>\n<p><img decoding=\"async\" loading=\"lazy\" class=\" size-full wp-image-232\" alt=\"veerstvej\" src=\"https:\/\/www.news.veerst.info\/wp-content\/uploads\/2010\/04\/veerstvej.jpg\" height=\"311\" width=\"467\" width=\"467\" height=\"311\" srcset=\"https:\/\/www.news.veerst.info\/wp-content\/uploads\/2010\/04\/veerstvej.jpg 467w, https:\/\/www.news.veerst.info\/wp-content\/uploads\/2010\/04\/veerstvej-300x200.jpg 300w\" sizes=\"(max-width: 467px) 100vw, 467px\" \/><\/p>\n<h3>Pr\u00f8v selv applikationen p\u00e5 Facebook<br \/><\/h3>\n<p>Som l\u00e6ser inviteres du til at afpr\u00f8ve applikationen direkte, selvom den p\u00e5 overfladen ikke kan meget andet end at vise hele Veerst.dk p\u00e5 Facebook. Under overfladen binder den imidlertid Veerst.dk sammen med Facebook, s\u00e5ledelses at man blandt andet kan kommentere eller sende invitation til vennerne om at l\u00e6se artikler. Der er flere funktioner under overfladen, men det eksperimenterer vi stadigv\u00e6k med. Som man kan se nederst i artiklen er der fremkommet i boks til kommnetarer. Den kommer &#8211; under overfladen &#8211; fra vores applikation p\u00e5 facebook.<\/p>\n<p>Pr\u00f8v applikationen direkte ved klik p\u00e5 dette link. <a href=\"http:\/\/apps.facebook.com\/veerst_dk\/\">http:\/\/apps.facebook.com\/veerst_dk\/<\/a><\/p>\n<h3>Veerst.dk kan nu ogs\u00e5 skrive til et meget st\u00f8rre medie med mange flere l\u00e6sere<br \/><\/h3>\n<p>Annette, Mogens og undertegnede arbejder h\u00e5rdt p\u00e5 denne udviklingsopgave. Vi h\u00e5ber, at det vil f\u00f8re til, at endnu flere brugere f\u00e5r nytte af Veerst.dk. S\u00e5 spred gerne budskabet til dine venner p\u00e5 Facebook. Vi vil gerne have mange l\u00e6sere! Derfor kan man ogs\u00e5 se et modul om Infoland nyheder i h\u00f8jre side p\u00e5 det meste af hjemmesiden. Gennem dette modul dukker der snart overskrifter op fra andre nyhedstjenester, herunder de \u00f8vrige landsbyer i Vejen kommune. Samarbejdet betyder, ar artikler fra Veerst.dk p\u00e5 samme m\u00e5der vil dukke op p\u00e5 de andre landsbyers hjemmesider. Platformen hedder, Infoland.dk. Den er en del af det LAG-projekt, som blev igangsat i 2009 sammen med F\u00e6llesr\u00e5det af landsbyer i Vejen kommune. Det var ogs\u00e5 det projekt, som f\u00f8rte til, at bylauget skabte filmen om Veerst i 2009.<\/p>\n","protected":false},"excerpt":{"rendered":"<p>Veerst.dk gennemg\u00e5r en fors\u00f8gsfase for tiden. Men vores eksperimenter med at integrere Facebook med Veerst.dk og omvendt fungerer allerede s\u00e5 godt, at du kan logge p\u00e5 med din Facebookprofil her fra siden, hvis du ikke allerede er logget ind p\u00e5&hellip;<\/p>\n<p class=\"more-link-p\"><a class=\"more-link\" href=\"https:\/\/www.news.veerst.info\/?p=233\">Read more &rarr;<\/a><\/p>\n","protected":false},"author":1,"featured_media":232,"comment_status":"open","ping_status":"open","sticky":false,"template":"","format":"standard","meta":[],"categories":[36],"tags":[],"_links":{"self":[{"href":"https:\/\/www.news.veerst.info\/index.php?rest_route=\/wp\/v2\/posts\/233"}],"collection":[{"href":"https:\/\/www.news.veerst.info\/index.php?rest_route=\/wp\/v2\/posts"}],"about":[{"href":"https:\/\/www.news.veerst.info\/index.php?rest_route=\/wp\/v2\/types\/post"}],"author":[{"embeddable":true,"href":"https:\/\/www.news.veerst.info\/index.php?rest_route=\/wp\/v2\/users\/1"}],"replies":[{"embeddable":true,"href":"https:\/\/www.news.veerst.info\/index.php?rest_route=%2Fwp%2Fv2%2Fcomments&post=233"}],"version-history":[{"count":0,"href":"https:\/\/www.news.veerst.info\/index.php?rest_route=\/wp\/v2\/posts\/233\/revisions"}],"wp:featuredmedia":[{"embeddable":true,"href":"https:\/\/www.news.veerst.info\/index.php?rest_route=\/wp\/v2\/media\/232"}],"wp:attachment":[{"href":"https:\/\/www.news.veerst.info\/index.php?rest_route=%2Fwp%2Fv2%2Fmedia&parent=233"}],"wp:term":[{"taxonomy":"category","embeddable":true,"href":"https:\/\/www.news.veerst.info\/index.php?rest_route=%2Fwp%2Fv2%2Fcategories&post=233"},{"taxonomy":"post_tag","embeddable":true,"href":"https:\/\/www.news.veerst.info\/index.php?rest_route=%2Fwp%2Fv2%2Ftags&post=233"}],"curies":[{"name":"wp","href":"https:\/\/api.w.org\/{rel}","templated":true}]}}