{"id":254,"date":"2010-05-31T23:00:00","date_gmt":"2010-05-31T23:00:00","guid":{"rendered":"https:\/\/www.news.veerst.info\/?p=254"},"modified":"2010-05-31T23:00:00","modified_gmt":"2010-05-31T23:00:00","slug":"artikel-undervejs-kaempevindmoller-maske-taet-pa-veerst-og-truer-saerlig-vaerdifuldt-landskab","status":"publish","type":"post","link":"https:\/\/www.news.veerst.info\/?p=254","title":{"rendered":"K\u00e6mpem\u00f8ller p\u00e5 150 meter p\u00e5 vej til R\u00f8j"},"content":{"rendered":"<p>K\u00e6mpestore vindm\u00f8ller p\u00e5 150 meter, med markeringslys i toppen, som kan sammenlignes med storeb\u00e6ltsbroen, er nu p\u00e5 vej i landskabet omkring Veerst. Kolding kommune har udpeget nogle mulige placeringer til k\u00e6mpevindm\u00f8ller, som i \u00f8jeblikket er til almen debat. En af placeringerne ligger midt i landskabet i R\u00f8j, umiddelbart \u00f8st for R\u00f8jgaard ikke s\u00e5 langt fra Egholt. Dette landskab er udpeget som s\u00e6rlig v\u00e6rdifuldt i Vejen kommune, hvorfor der ikke m\u00e5 opf\u00f8res st\u00f8rre bygningsv\u00e6rker i landskabet. Kolding kommune forestiller sig nu, at der kan opstilles to til fire k\u00e6mpem\u00f8ller lige op af kommunegr\u00e6nsen.<\/p>\n<p>Senest blev planrestriktionen p\u00e5 det s\u00e6rligt v\u00e6rdifulde landskab anvendt af Vejen kommune i 2009 mod TDC&#8217;s \u00f8nske om at placere en mobilmast midt i landskabet. Udpegningen og beskyttelsen af landskabet som s\u00e6rlig v\u00e6rdifuldt er \u00e5rsagen til, at landskabet i dag fremst\u00e5r meget smukt og uforstyrret. I realiteten vil to k\u00e6mpem\u00f8ller p\u00e5 150 meter i R\u00f8j, som Kolding kommune forestiller sig, \u00f8del\u00e6gge hele id\u00e9en med at friholde landskabet for st\u00f8rre bygningsv\u00e6rker.<\/p>\n<h3>Vejen kommune skal i dialog med Kolding kommune om placeringen i R\u00f8j<br \/><\/h3>\n<p>N\u00e5r en kommune som Kolding i dette tilf\u00e6lde overvejer at placere k\u00e6mpevindm\u00f8ller, der kan p\u00e5virke ind over kommunegr\u00e6nsen, skal man i dialog med nabokommunen. Som borger skal man imidlertid g\u00f8re indsigelser overfor den som planl\u00e6gger, hvilket i dette tilf\u00e6lde er Kolding kommune. Det forhindrer ikke, at man ogs\u00e5 sender sine indsigelser til Vejen kommune, der kan tage indsigelserne med i sin dialog.<\/p>\n<p>Lige nu er placeringerne fremlagt til almen debat. Kolding kommune har til Jydske Vestkysten den 9. maj, 2010 udtalt: <em>&#8220;Claus Harkj\u00e6r Jensen fra  by- og udviklingsforvaltningen vurderer, at mange af de 24 omr\u00e5der  bliver sorteret fra, f\u00f8r den endelige plan er klar. Umiddelbart tror  han, at omkring halvdelen af omr\u00e5derne ryger, fordi der eksempelvis skal  tages s\u00e6rlige hensyn til landskabet.&#8221; <\/em><\/p>\n<p>Hvis borgerne og Lokalr\u00e5det for Veerst og omegn vil g\u00f8re Kolding og Vejen kommune opm\u00e6rksom p\u00e5, at de s\u00e6rlige landskabsv\u00e6rdier omkring Veerst fortsat \u00f8nskes bevaret, skal bem\u00e6rkninger sendes til Kolding kommune snarest. Man kan ogs\u00e5 sende dem cc til Vejen kommune.<\/p>\n<p>Vejen kommune skal ogs\u00e5 snart i gang med at udpege placeringer til store vindm\u00f8ller. Det hele er en f\u00f8lge af et forlig indg\u00e5et mellem regeringen og dansk folkeparti. Indsigelser mod placeringen i R\u00f8j vil dermed signalere overfor Vejen kommmune, at det unikke landskab i Veerst og omegn \u00f8nskes bevaret og ikke \u00f8delagt af k\u00e6mpevindm\u00f8ller.<\/p>\n<h3>K\u00e6mpem\u00f8ller til lands m\u00f8der stor modstand p\u00e5 grund af st\u00f8j- og landskabsforurening &#8211; ogs\u00e5 i Danmark<br \/><\/h3>\n<p>Den offentlige debat har l\u00e6nge v\u00e6ret pr\u00e6get af placeringen af det kommende testcenter for de helt store havvindm\u00f8ller. Men &#8220;almindelige&#8221;\u00a0 havm\u00f8ller eller k\u00e6mpem\u00f8ller p\u00e5 ml. 125 og 147 meters h\u00f8jde v\u00e6kker b\u00e5de vrede og afsky de steder, hvor de placeres i land. K\u00e6mpem\u00f8llerne er nemlig b\u00e5de grimme og st\u00f8jende for naboerne. Holland valgte s\u00e5ledes jvfr. ingeni\u00f8ren den 5. september 2007, at placere s\u00e5danne k\u00e6mpem\u00f8ller til havs. Holl\u00e6nderne vil ikke genere hinanden med milj\u00f8svineriet fra k\u00e6mpem\u00f8llerne, for ligesom i Danmark bor holl\u00e6nderne ogs\u00e5 t\u00e6t p\u00e5 hinanden. I Wales opgav energiselskabet E.on i 2008 at bygge en mindre vindm\u00f8llepark, for de store m\u00f8ller st\u00f8jede for meget og det ville selskabet ikke uds\u00e6tte naboerne for. I Wales indsamlede borgerne 3000 underskrifter alene mod denne ene placering.<\/p>\n<p>Naboer til opstillede k\u00e6mpevindm\u00f8ller p\u00e5 ca 125 meters h\u00f8jde i Danmark  beretter om &#8220;\u00f8delagte liv&#8221;, &#8220;st\u00f8jhelvede&#8221; osv., selv hvis de bor 1,5 til  2 km v\u00e6k fra m\u00f8llerne. Kolding kommune taler her om havm\u00f8ller p\u00e5 150  meter i R\u00f8j, men der vil ogs\u00e5 v\u00e6re kortere end 1 km til mange boliger i  Egholt.<\/p>\n<p>I Danmark findes der nu 40 modstandsgrupper af naboer til k\u00e6mpevindm\u00f8ller p\u00e5 land som er organiseret i <a href=\"http:\/\/www.stilhed.eu\/\">Landsforeningen  Naboer til K\u00e6mpevindm\u00f8ller.<\/a> Foreningen \u00f8nsker, at k\u00e6mpem\u00f8llerne kun opstilles til havs p\u00e5 grund af  de negative milj\u00f8gener som de p\u00e5f\u00f8rer naboerne i en meget lang radius. Et forlig mellem regeringen og dansk folkeparti er imidlertid \u00e5rsagen til, at bla. Vejen og Kolding kommune nu skal udpege placeringer p\u00e5 land til mastodontm\u00f8llerne.<\/p>\n<p>I Danmark har vindm\u00f8lleforeningen (branchen) arbejdet og presset p\u00e5 for at f\u00e5 lov til at opstille de grimme og st\u00f8jende k\u00e6mpem\u00f8ller p\u00e5 land. Overfor tidligere milj\u00f8minister Troels Lund Poulsen indsk\u00e6rpede vindm\u00f8lleforeningen i 2008: <em>&#8220;at de  kommunalt folkevalgte skal tr\u00e6ffe deres afg\u00f8relse om vindm\u00f8lleprojekter  p\u00e5 baggrund af Milj\u00f8styrelsens tidligere opfattelse af, at hvis de  g\u00e6ldende gr\u00e6nsev\u00e6rdier for st\u00f8j overholdes, s\u00e5 vil naboerne til  vindm\u00f8ller ikke komme til at d\u00f8je med lavfrekvent st\u00f8j&#8221;<\/em>, skriver  ingeni\u00f8ren den 27. juni 2008. Professor i akustik Henrik M\u00f8ller<em> <\/em>ved Aalborg universitet siger i\u00f8vrigt til ingeni\u00f8ren om industriens egen unders\u00f8gelse af st\u00f8j fra k\u00e6mpem\u00f8llerne, at <em>&#8221; husejere  riskerer helt op til 9,7 decibel mere lavfrekvent st\u00f8j med k\u00e6mpem\u00f8ller som nye  naboer<\/em>&#8220;. Det er denne st\u00f8j, som vindm\u00f8lleforeningen ville have lokalpolitikerne til at se bort fra. I Thisted byr\u00e5d havde man netop i 2008 sagt nej til et m\u00f8lleprojekt med henvisning til st\u00f8jen.<\/p>\n<h3>P\u00e5 T\u00e5singe dominerer gigantiske vindm\u00f8ller p\u00e5 bare 127 meter  allerede g\u00e5rde og huse<\/h3>\n<p>I forbindelse med en protest og underskriftsindsamling i mod enorme k\u00e6mpevindm\u00f8ller i K\u00f8ng Mose lagde utilfredse naboer til planlagte m\u00f8ller p\u00e5 144 meter en grafisk illustration frem. De valgte at sammenligne med storeb\u00e6ltsbroen, som det fremg\u00e5r af billedet nedenfor.<\/p>\n<table border=\"0\">\n<tbody>\n<tr>\n<td>\n<p><img decoding=\"async\" loading=\"lazy\" class=\" size-full wp-image-252\" alt=\"kng-mller-1-kopi\" src=\"https:\/\/www.news.veerst.info\/wp-content\/uploads\/2010\/05\/kng-mller-1-kopi.jpg\" width=\"768\" height=\"493\" width=\"768\" height=\"493\" srcset=\"https:\/\/www.news.veerst.info\/wp-content\/uploads\/2010\/05\/kng-mller-1-kopi.jpg 768w, https:\/\/www.news.veerst.info\/wp-content\/uploads\/2010\/05\/kng-mller-1-kopi-300x193.jpg 300w\" sizes=\"(max-width: 768px) 100vw, 768px\" \/><\/p>\n<\/td>\n<td>\n<h4>K\u00e6mpevindm\u00f8ller lidt mindre end 150 meter<br \/><\/h4>\n<h5><\/h5>\n<p>Illustrationen stammer fra: Underskriftindsamling mod gigantm\u00f8ller i K\u00f8ng Mose<\/p>\n<p>(klik p\u00e5 billedet for at se illustrationen i fuld st\u00f8rrelse)<\/p>\n<p>Se om underskriftindsamlingen:\u00a0<a href=\"http:\/\/www.lundbyweb.dk\/kategorier\/2005-nyheder\/koeng\/gigantmoeller.htm\">http:\/\/www.lundbyweb.dk\/kategorier\/2005-nyheder\/koeng\/gigantmoeller.htm<\/a><\/p>\n<\/td>\n<\/tr>\n<\/tbody>\n<\/table>\n<p>Wind 1 a\/s, som for tiden st\u00e5r overfor modstand fra borgere i Varde kommune mod planlagte k\u00e6mpevindm\u00f8ller i Ovnb\u00f8l har for nyligt kritiseret de fotografier, som modstanderne af k\u00e6mpevindm\u00f8ller p\u00e5 land har fremlagt. Men andre har i den forbindelse bem\u00e6rket, at Vindm\u00f8lleindustrien selv har fremlagt billeder, der fors\u00f8ger at underdrive k\u00e6mpem\u00f8llernes dominans af landskab og ejendomme. Wind 1 a\/s oplyser imidlertid, at afstanden til n\u00e6rmeste bolig til en k\u00e6mpevindm\u00f8lle mindst skal v\u00e6re 4 gange m\u00f8llens totalh\u00f8jde. P\u00e5 T\u00e5singe har en fotograf s\u00e5ledes fanget en r\u00e6kke billeder af m\u00f8ller p\u00e5 127 meters h\u00f8jde, som ligger mindst 500 meter bag de fotograferede ejendomme, nemlig 127 m gange 4.<\/p>\n<table border=\"0\"> <\/table>\n<p>  <\/p>\n<table border=\"0\">\n<tbody>\n<tr>\n<td>\n<p><span class=\"jcepopup noicon\"><img decoding=\"async\" title=\"Vindm\u00f8ller p\u00e5 kun  126 meter dominerer landsbyen p\u00e5 T\u00e5singe::Fotograf: Henning Hansen,  T\u00e5singe.&lt;br \/&gt;M\u00f8llerne st\u00e5r 4 x m\u00f8lleh\u00f8jde fra det n\u00e6rmeste  hus.&lt;br \/&gt;Billedet ligger p\u00e5:  http:\/\/www.stilhed.eu\/da\/billeder.htm\" class=\"jcetooltip\" src=\"http:\/\/www.stilhed.eu\/2\/t4.jpg\" width=\"480\" \/><\/span><\/p>\n<\/td>\n<td>\n<h4>selv en \u00bd kilometer v\u00e6k domineres huse og g\u00e5rde af m\u00f8llerne<br \/><\/h4>\n<p><em>&#8220;T\u00e5singe &#8211; 2 stk. 2,3 MW, 126,5 m totalh\u00f8jde, Siemens<br \/>Fotograf: Henning Hansen, T\u00e5singe.<br \/>M\u00f8llerne st\u00e5r 4 x m\u00f8lleh\u00f8jde fra det n\u00e6rmeste hus.&#8221; Alts\u00e5 mere end \u00bd km bag husene<br \/><\/em><\/p>\n<p>Kilde: <a href=\"http:\/\/www.stilhed.eu\/da\/billeder.htm\">http:\/\/www.stilhed.eu\/da\/billeder.htm <\/a><\/p>\n<p><strong>Anm\u00e6rkning<\/strong>: Billedet og de \u00f8vrige billeder som man kan finde p\u00e5 den anviste hjemmeside, kan v\u00e6re billeder, som firmaer i vindm\u00f8llebranchen ikke mener b\u00f8r freml\u00e6gges for politikerne.<\/p>\n<\/td>\n<\/tr>\n<\/tbody>\n<\/table>\n<h4>N\u00e6rmere om positionen i n\u00e6rheden af Veerst i Kolding kommune<br \/><\/h4>\n<p><em>Position D ved Egholt p\u00e5t\u00e6nkes 4 til 2 k\u00e6mpem\u00f8ller helt op til 150 meter i h\u00f8jden, svarende til den h\u00f8jde, som sv\u00e6vefly kredser rundt i n\u00e5r de lige er startet. Hele landskabet fra positionen og ud i nordvestlig og sydlig retning er udlagt som s\u00e6rligt v\u00e6rdifuldt landskab, hvor der ikke m\u00e5 bygges st\u00f8rre anl\u00e6g, som eksempelvis siloer eller mobilmaster. Her \u00f8nsker Kolding kommune nu debat om placering af 2 til 4 k\u00e6mpem\u00f8ller med en totalh\u00f8jde p\u00e5 op til 150 meter. M\u00f8llerne risikerer at dominere det mor\u00e6nelandskab i Vejen kommune, som er udlagt med s\u00e6rlig landskabelig v\u00e6rdi, selvom de placeres lige p\u00e5 den anden side af den gamle amtsgr\u00e6nse.<br \/><\/em><\/p>\n<p><img decoding=\"async\" loading=\"lazy\" class=\" size-full wp-image-253\" alt=\"kolding_kommune_position_d\" src=\"https:\/\/www.news.veerst.info\/wp-content\/uploads\/2010\/05\/kolding_kommune_position_d.jpg\" width=\"640\" height=\"533\" width=\"640\" height=\"533\" srcset=\"https:\/\/www.news.veerst.info\/wp-content\/uploads\/2010\/05\/kolding_kommune_position_d.jpg 640w, https:\/\/www.news.veerst.info\/wp-content\/uploads\/2010\/05\/kolding_kommune_position_d-300x250.jpg 300w\" sizes=\"(max-width: 640px) 100vw, 640px\" \/><\/p>\n<p><em>Debatperioden varer fra onsdag den 19. maj til torsdag den 17. juni 2010. I denne periode kan debatindl\u00e6g, ideer og forslag sendes til: <\/em><\/p>\n<blockquote>\n<p><em>Kolding Kommune<\/em><\/p>\n<p><em>By- og Udviklingsforvaltning<\/em><\/p>\n<p><em>Nytorv 11DK-6000<\/em><\/p>\n<p><em>Kolding <\/em><\/p>\n<p><em>eller: byogudvikling@kolding.dk<\/em><\/p>\n<\/blockquote>\n<p><em><a href=\"http:\/\/kolding.dk\/klima\/0065881.asp?sid=65881\">Se mere p\u00e5 kolding kommunes web om debatten.<\/a><br \/><\/em><\/p>\n<p><em>Vi vil fors\u00f8ge at d\u00e6kke sagen om k\u00e6mpem\u00f8llerne yderligere p\u00e5 Veerst.dk.<\/em><\/p>\n<p><em><a href=\"http:\/\/www.stilhed.eu\/\">L\u00e6s mere om k\u00e6mpevindm\u00f8llernes p\u00e5virkning p\u00e5 omgivelserne her. <\/a><br \/><\/em><\/p>\n","protected":false},"excerpt":{"rendered":"<p>K\u00e6mpestore vindm\u00f8ller p\u00e5 150 meter, med markeringslys i toppen, som kan sammenlignes med storeb\u00e6ltsbroen, er nu p\u00e5 vej i landskabet omkring Veerst. Kolding kommune har udpeget nogle mulige placeringer til k\u00e6mpevindm\u00f8ller, som i \u00f8jeblikket er til almen debat. En af&hellip;<\/p>\n<p class=\"more-link-p\"><a class=\"more-link\" href=\"https:\/\/www.news.veerst.info\/?p=254\">Read more &rarr;<\/a><\/p>\n","protected":false},"author":1,"featured_media":252,"comment_status":"open","ping_status":"open","sticky":false,"template":"","format":"standard","meta":[],"categories":[44],"tags":[],"_links":{"self":[{"href":"https:\/\/www.news.veerst.info\/index.php?rest_route=\/wp\/v2\/posts\/254"}],"collection":[{"href":"https:\/\/www.news.veerst.info\/index.php?rest_route=\/wp\/v2\/posts"}],"about":[{"href":"https:\/\/www.news.veerst.info\/index.php?rest_route=\/wp\/v2\/types\/post"}],"author":[{"embeddable":true,"href":"https:\/\/www.news.veerst.info\/index.php?rest_route=\/wp\/v2\/users\/1"}],"replies":[{"embeddable":true,"href":"https:\/\/www.news.veerst.info\/index.php?rest_route=%2Fwp%2Fv2%2Fcomments&post=254"}],"version-history":[{"count":0,"href":"https:\/\/www.news.veerst.info\/index.php?rest_route=\/wp\/v2\/posts\/254\/revisions"}],"wp:featuredmedia":[{"embeddable":true,"href":"https:\/\/www.news.veerst.info\/index.php?rest_route=\/wp\/v2\/media\/252"}],"wp:attachment":[{"href":"https:\/\/www.news.veerst.info\/index.php?rest_route=%2Fwp%2Fv2%2Fmedia&parent=254"}],"wp:term":[{"taxonomy":"category","embeddable":true,"href":"https:\/\/www.news.veerst.info\/index.php?rest_route=%2Fwp%2Fv2%2Fcategories&post=254"},{"taxonomy":"post_tag","embeddable":true,"href":"https:\/\/www.news.veerst.info\/index.php?rest_route=%2Fwp%2Fv2%2Ftags&post=254"}],"curies":[{"name":"wp","href":"https:\/\/api.w.org\/{rel}","templated":true}]}}