{"id":256,"date":"2010-05-30T23:00:00","date_gmt":"2010-05-30T23:00:00","guid":{"rendered":"https:\/\/www.news.veerst.info\/?p=256"},"modified":"2010-05-30T23:00:00","modified_gmt":"2010-05-30T23:00:00","slug":"nyt-lokalrad-i-veerst-bylauget-har-afgivet-kompetencen","status":"publish","type":"post","link":"https:\/\/www.news.veerst.info\/?p=256","title":{"rendered":"Nyt lokalr\u00e5d i Veerst &#8211; Bylauget stopper med at v\u00e6re lokalr\u00e5d"},"content":{"rendered":"<p><em>Skrevet af: Martin M\u00f8hl og Jens Smed Rasmussen<\/em><\/p>\n<p>Repr\u00e6sentanter fra foreningerne i Veerst og Vester-Thorsted har dannet et nyt og selvst\u00e6ndigt lokalr\u00e5d som bedre kan koordinere p\u00e5 tv\u00e6rs. Flere forskellige parter og grupperinger fra Veerst sogn er nu optaget i det nye lokalr\u00e5d. Hidtil har Bylauget i Veerst haft opgaven, der startede med at alle landsbyerne i Vejen kommunen fik lokalr\u00e5d i 2007. Sognets foreninger gik imidlertid sammen om at danne et andet lokalr\u00e5d her i 2010.<\/p>\n<h3>Det nye r\u00e5d tog form mens udviklingsplanen for Veerst blev f\u00e6rdig<br \/><\/h3>\n<p>I 2009 l\u00f8ste Bylauget en r\u00e6kke lokalr\u00e5dsopgaver sidel\u00f8bende med driften af forsamlingshuset. Mest markant var nok udarbejdelsen af manuskriptet til Veerst-filmen og det borgerm\u00f8de i pinsen, som satte udviklingsplanl\u00e6gningen i gang.<\/p>\n<p>Den 22. marts 2010 kunne repr\u00e6sentanter fra Bylauget i Veerst pr\u00e6sentere en udviklingsplan sammen med Martin M\u00f8hl og Mogens Jensen, som begge er medlemmer af det nye lokalr\u00e5d fra henholdsvis Idr\u00e6tsforeningen og Vandv\u00e6rksforeningen i Veerst. Fra Vester-Thorsted er formanden for Idr\u00e6tsforeningen, Pia, medlem af det nye lokalr\u00e5d. Martin M\u00f8hl, som har v\u00e6ret en afg\u00f8rende person i arbejdet med at f\u00e5 skrevet udviklingsplanen f\u00e6rdig, udtaler, &#8220;<em>at nu har det nye selvst\u00e6ndige lokalr\u00e5d hele kompetencen til at st\u00f8tte op om og varetage udviklingen af levevilk\u00e5rene i Sognet<\/em>&#8220;.<\/p>\n<p>Bylauget har valgt at lade sig repr\u00e6sentere p\u00e5 lige fod med de andre foreninger i det nye lokalr\u00e5d gennem Robert \u00d8rsted.<\/p>\n<p><img decoding=\"async\" loading=\"lazy\" class=\" size-full wp-image-255\" height=\"427\" width=\"640\" src=\"https:\/\/www.news.veerst.info\/wp-content\/uploads\/2010\/05\/andre_deltagere_borgermoedet_pinsen.jpg\" alt=\"andre_deltagere_borgermoedet_pinsen\" width=\"640\" height=\"427\" srcset=\"https:\/\/www.news.veerst.info\/wp-content\/uploads\/2010\/05\/andre_deltagere_borgermoedet_pinsen.jpg 640w, https:\/\/www.news.veerst.info\/wp-content\/uploads\/2010\/05\/andre_deltagere_borgermoedet_pinsen-300x200.jpg 300w\" sizes=\"(max-width: 640px) 100vw, 640px\" \/><\/p>\n<p><em>Bilede fra Bylaugets borgerm\u00f8de, pinsen 2009.<\/em><\/p>\n<h3>Det nye lokalr\u00e5d kan selv skubbe st\u00f8rre ting i gang<br \/><\/h3>\n<p>Det nye lokalr\u00e5d i Veerst har for nyligt f\u00e5et udbetalt det \u00e5rlige kommunale tilskud p\u00e5 ca. 15.000 kr. \u00d8konomiudvalget i Vejen kommune har meddelt bel\u00f8bsmodtagerne:<em> &#8220;at det er kommunens forventning, at st\u00f8tten anvendes til lokale udviklingsform\u00e5l, herunder til udm\u00f8ntning af de lokale udviklingsplaner&#8221;. <br \/><\/em><\/p>\n<p>15.000 kr. kan godt virke som et lille bel\u00f8b, men ofte ganges bel\u00f8b i udviklende projekter op med en faktor 3 eller 4 fordi de forskellige finansieringskilder hele tiden forlanger tilsvarende medfinansieringer fra andre parter. S\u00e5 p\u00e5 den m\u00e5de giver 15.000 kr. i lokalr\u00e5det god mening, for selv med det relativt lille bel\u00f8b kan lokalr\u00e5det godt initiere noget st\u00f8rre udviklende projekter.<\/p>\n<h3>&#8220;Med den m\u00e5de hjemmesiden k\u00f8res p\u00e5 er vi ved at v\u00e6re i m\u00e5l&#8221;<\/h3>\n<p>Martin M\u00f8hl udtrykker tilfredshed med, at udviklingsplanen for Veerst sogn er blevet til i et t\u00e6t samarbejde med Vester-Thorsted. Martin har f\u00f8rt pennen og talt med folk i Vester-Thorsted s\u00e5 id\u00e9erne fra det tidligere borgerm\u00f8de i Veerst sammen med de nye id\u00e9er kunne indf\u00f8res i planen for Veerst.<\/p>\n<p>Martin M\u00f8hl og Mogens Jensen fra det nye lokalr\u00e5d udtrykker samtidigt deres tilfredshed med, at Veerst sogn nu ogs\u00e5 har en hjemmeside, som \u00e5bent s\u00f8rger for at formidle relevante nyheder, analyser, begivenheder mm. ligesom hjemmesidejournalisterne: Mogens Jensen, Anette Knudsen sammen med redakt\u00f8ren (webmaster) Jens Smed Rasmussen tilbyder tjenester til alle foreninger og grupperinger i sognet. Senest har Bylauget f\u00e5et en speciel del af kalenderen, s\u00e5 man altid kan se om forsamlingshuset er ledigt eller optaget.<em> &#8220;Med den m\u00e5de hjemmesiden k\u00f8res p\u00e5, er vi vel snart ved at komme i m\u00e5l med den&#8221;<\/em>, siger Martin M\u00f8hl. Alle med relevante nyheder, synspunkter, id\u00e9er til projekter mm. kan i hvertfald komme til orde p\u00e5 mediet. Jens tilf\u00f8jer,<em> &#8220;at hjemmesiden gerne m\u00e5 blive garant for, at ingen synspunkter, vigtige informationer eller gode id\u00e9er til lokalomr\u00e5dets udvikling bliver overset&#8221;.<\/em><\/p>\n<p>Jens hilser i \u00f8vrigt det nye lokalr\u00e5d meget velkommen, for det giver Veerst sogn en rigtig god mulighed for at begynde at t\u00e6nke endnu mere direkte p\u00e5 udm\u00f8ntningen af puljemidlerne s\u00e5 de kan ganges op med andre finansieringskilder. &#8220;<em>Nu har vi jo ogs\u00e5 f\u00e5et en rigtig god udviklingsplan for sognet, s\u00e5 sagen er jo heldigvis ogs\u00e5 blevet meget ligetil.<\/em> Bylaugets forarbejde viser nu sit v\u00e6rd. &#8220;<em>P\u00e5 Veerst.dk har vi i \u00f8vrigt taget kontakt til folk i Thorsted for at indlede et samarbejde med dem om hjemmesiden&#8221;.<\/em><\/p>\n<p><em>Flere billeder fra borgerm\u00f8det<br \/><\/em><\/p>\n<p> {gallery}lokalraad{\/gallery} <\/p>\n<p>\u00a0<\/p>\n<p>\u00a0<\/p>\n<p>\u00a0<\/p>\n","protected":false},"excerpt":{"rendered":"<p>Skrevet af: Martin M\u00f8hl og Jens Smed Rasmussen Repr\u00e6sentanter fra foreningerne i Veerst og Vester-Thorsted har dannet et nyt og selvst\u00e6ndigt lokalr\u00e5d som bedre kan koordinere p\u00e5 tv\u00e6rs. Flere forskellige parter og grupperinger fra Veerst sogn er nu optaget i&hellip;<\/p>\n<p class=\"more-link-p\"><a class=\"more-link\" href=\"https:\/\/www.news.veerst.info\/?p=256\">Read more &rarr;<\/a><\/p>\n","protected":false},"author":1,"featured_media":255,"comment_status":"open","ping_status":"open","sticky":false,"template":"","format":"standard","meta":[],"categories":[21],"tags":[],"_links":{"self":[{"href":"https:\/\/www.news.veerst.info\/index.php?rest_route=\/wp\/v2\/posts\/256"}],"collection":[{"href":"https:\/\/www.news.veerst.info\/index.php?rest_route=\/wp\/v2\/posts"}],"about":[{"href":"https:\/\/www.news.veerst.info\/index.php?rest_route=\/wp\/v2\/types\/post"}],"author":[{"embeddable":true,"href":"https:\/\/www.news.veerst.info\/index.php?rest_route=\/wp\/v2\/users\/1"}],"replies":[{"embeddable":true,"href":"https:\/\/www.news.veerst.info\/index.php?rest_route=%2Fwp%2Fv2%2Fcomments&post=256"}],"version-history":[{"count":0,"href":"https:\/\/www.news.veerst.info\/index.php?rest_route=\/wp\/v2\/posts\/256\/revisions"}],"wp:featuredmedia":[{"embeddable":true,"href":"https:\/\/www.news.veerst.info\/index.php?rest_route=\/wp\/v2\/media\/255"}],"wp:attachment":[{"href":"https:\/\/www.news.veerst.info\/index.php?rest_route=%2Fwp%2Fv2%2Fmedia&parent=256"}],"wp:term":[{"taxonomy":"category","embeddable":true,"href":"https:\/\/www.news.veerst.info\/index.php?rest_route=%2Fwp%2Fv2%2Fcategories&post=256"},{"taxonomy":"post_tag","embeddable":true,"href":"https:\/\/www.news.veerst.info\/index.php?rest_route=%2Fwp%2Fv2%2Ftags&post=256"}],"curies":[{"name":"wp","href":"https:\/\/api.w.org\/{rel}","templated":true}]}}