{"id":271,"date":"2010-06-01T06:35:22","date_gmt":"2010-06-01T06:35:22","guid":{"rendered":"https:\/\/www.news.veerst.info\/?p=271"},"modified":"2010-06-01T06:35:22","modified_gmt":"2010-06-01T06:35:22","slug":"info-om-lokalradet","status":"publish","type":"post","link":"https:\/\/www.news.veerst.info\/?p=271","title":{"rendered":"Info om Lokalr\u00e5det"},"content":{"rendered":"<p><meta http-equiv=\"CONTENT-TYPE\" content=\"text\/html; charset=utf-8\" \/> <title><\/title> <meta name=\"GENERATOR\" content=\"OpenOffice.org 3.2  (Win32)\" \/> <\/p>\n<h3 style=\"margin-bottom: 0in;\">Lokalr\u00e5det for Veerst Sogn \u2013 Hvad er nu det for noget???<\/h3>\n<p style=\"margin-bottom: 0in;\">Baggrunden for Lokalr\u00e5det er Kommunalreformen fra 1\/1-2007 som indebar f\u00e6rre og st\u00f8rre  kommuner.  Alt andet lige har dette betydet st\u00f8rre afstand mellem borgere og beslutningstagere i forvaltninger og kommunalbestyrelser.  Da man fra politisk hold  st\u00f8tter ideen om selvbestemmelse i de sm\u00e5 Landsbysamfund har man \u00f8nsket og st\u00f8ttet oprettelsen af lokalr\u00e5d i de enkelte landsbyer med det form\u00e5l at have nogen at henvende sig til n\u00e5r der kommer sp\u00f8rgsm\u00e5l p\u00e5 tapetet som ber\u00f8rer det enkelte lokalomr\u00e5de.<\/p>\n<p style=\"margin-bottom: 0in;\">Dette kunne v\u00e6re alt fra lavpraktiske sp\u00f8rgsm\u00e5l som nedrivning af forfaldne landejendomme  til udf\u00e6rdigelse af lokalplaner for hele omr\u00e5der.<\/p>\n<p style=\"margin-bottom: 0in;\">\u00a0<\/p>\n<h3 style=\"margin-bottom: 0in;\">Omr\u00e5det<\/h3>\n<p style=\"margin-bottom: 0in;\">Lokalr\u00e5dene i Vejen kommune f\u00f8lger sognegr\u00e6nsen.  S\u00e5ledes udg\u00f8r Veerst Sogn  omr\u00e5det vist p\u00e5 kortet. Veerst Sogn omfatter s\u00e5ledes de to landsbyer: Veerst og Vester Thorsted samt opland.<\/p>\n<p style=\"margin-bottom: 0in;\">Retningslinier for lokalr\u00e5det<\/p>\n<p style=\"margin-bottom: 0in; font-weight: normal;\">Da der f\u00f8lger kommunale penge med (ca. 15000\/ \u00e5r for Veers Sogn) kan kommunen stille krav til hvordan og hvorledes Lokalr\u00e5dene skal fungere. S\u00e5ledes kr\u00e6ves at :<\/p>\n<ul>\n<li>\n<p style=\"margin-bottom: 0in; font-weight: normal;\">Lokalr\u00e5det \ter  medlem af F\u00e6llesr\u00e5det for Landsbyamfund (se \thttp:\/\/vejenland.dk).<\/p>\n<\/li>\n<li>\n<p style=\"margin-bottom: 0in; font-weight: normal;\">Der \tskal afl\u00e6gges regnskab for hvordan det kommunale tilskud er levet \tbrugt  (til gavn for lokalsamfundet).<\/p>\n<\/li>\n<li>\n<p style=\"margin-bottom: 0in; font-weight: normal;\">Kommunen \tskal have kendskab til Lokalr\u00e5dets vedt\u00e6gter.<\/p>\n<\/li>\n<\/ul>\n<p style=\"margin-bottom: 0in;\">Summasumarum: Lokalr\u00e5det for Veerst Sogn har det form\u00e5l at inddrage sognets beboere og virksomheder i de kommunale beslutninger som p\u00e5virker os.<\/p>\n<h3>Lokalr\u00e5det fro Veerst Sogn \u2013 S\u00e5dan har vi grebet det an.<\/h3>\n<p style=\"margin-bottom: 0in;\">For ikke at blive taget til indt\u00e6gt for beslutninger der ikke er bred  folkelig opbakning til fungerer Lokalr\u00e5det for Veerst Sogn som:<\/p>\n<ul>\n<li>\n<p style=\"margin-bottom: 0in; font-weight: normal; text-decoration: none;\">Eksternt \tkontaktudvalg mod myndigheder.<\/p>\n<\/li>\n<li>\n<p style=\"margin-bottom: 0in; font-weight: normal; text-decoration: none;\">Internt \tkoordinationsudvalg mellem de forskellige foreninger og gruppe \tinteresser i sognet.<\/p>\n<\/li>\n<\/ul>\n<p style=\"margin-bottom: 0in;\">Et (forh\u00e5bentligt) t\u00e6nkt eksempel: \u00d8nsker kommunen at etablere et affaldsdepot for giftaffald i eksempelvis Vester Thorsted eller Veerst henvender de sig til Lokalr\u00e5det. Det er s\u00e5 Lokalr\u00e5dets opgave at dr\u00f8fte denne foresp\u00f8rgsel med de ber\u00f8rte parter og vende tilbage til kommunen med et retningsgivende svar.<\/p>\n<h3 style=\"margin-bottom: 0in;\">Lokalr\u00e5det for Veerst Sogn \u2013 Hvem er det??<\/h3>\n<p style=\"margin-bottom: 0in;\">Lidt historie: De f\u00f8rste par \u00e5r udgjorde Lokalr\u00e5det det siddende Bylaug i Veerst.   Lokalr\u00e5dsarbejdet blev i disse \u00e5r is\u00e6r varetaget af Jens Smed Rasmussen  (nuv\u00e6rende webmaster p\u00e5 Veerst.dk).<\/p>\n<p style=\"margin-bottom: 0in;\">Da opgaverne i Bylauget har v\u00e6ret mange og udskiftningen i bestyrelsen stor har der v\u00e6ret et \u00f8nske om at etablere et mere bredt funderet lokalr\u00e5d. Derfor etableredes i for\u00e5ret 2010 et nyt Lokalr\u00e5d best\u00e5ende af repr\u00e6sentanter for de forskellige foreninger i sognet. Pt udg\u00f8res Lokalr\u00e5det for Veerst Sogn s\u00e5ledes af:<\/p>\n<p style=\"margin-bottom: 0in;\">Rober \u00d8rsted (Veerst Bylaug) \u2013 mail: orsted@mail.dk<\/p>\n<p style=\"margin-bottom: 0in;\">Pia (Vester Thorsted Forsamlingshus og Idr\u00e6tsforening) mail: pikukruse@hotmail.com<\/p>\n<p style=\"margin-bottom: 0in;\">Mogens Jensen (Veerst Vandv\u00e6rk)- mail: mogens.g.jensen@gmail.com<\/p>\n<p style=\"margin-bottom: 0in;\">Gitte Hansen (Menighedsr\u00e5det) \u2013 mail: veerst.mensendieck@mail.dk<\/p>\n<p style=\"margin-bottom: 0in;\">Martin M\u00f8hl (Veerst Projektst\u00f8tteforening og Veerst SG&amp;I) mail: <a href=\"mailto:martinmoehl@gmail.com\">martinmoehl@gmail.com<\/a><\/p>\n<p style=\"margin-bottom: 0in;\">Herudover diskuteres pt. mulighederne for at udvide Lokalr\u00e5det med repr\u00e6sentanter for HHV. Vester Thorsted Vandv\u00e6rk, Veerst.dk samt legepladsgruppen.<\/p>\n<p style=\"margin-bottom: 0in;\">Se vedt\u00e6gterne for Lokalr\u00e5det  p\u00e5 Veerst.dk.<\/p>\n<h3 style=\"margin-bottom: 0in;\">Udviklingsplanen for Veerst sogn<\/h3>\n<p style=\"margin-bottom: 0in;\">Det \u201dnye\u201d Lokalr\u00e5d tog sit afs\u00e6t i frembringelsen af \u201dUdviklingsplanen for Veerst Sogn\u201d<\/p>\n<p style=\"margin-bottom: 0in;\">Baggrunden for udviklingsplanerne var kommunalpolitikkernes behov for at kende til \u00f8nsker og tanker omkring fremtiden i landdistrikterne (L\u00e6s: Ingen udviklingsplan \u2013 ingen fremtid).<\/p>\n<p style=\"margin-bottom: 0in;\">Opl\u00e6gget til udviklingsplanen var et borgerm\u00f8de afholdt i Pinsen 2009 omkring omr\u00e5dets fremtid. De ideer som fremkom her blev sidenhen sammenfattet i udviklingsplanen.<\/p>\n<p style=\"margin-bottom: 0in;\">Udviklingsplanen blev afleveret til Kommunalpolitikkerne 22 marts 2010 sammen med udviklingsplanerne fra de andre landsbyer i kommunen. De er i skrivende stund i gang med at n\u00e6rl\u00e6se de mange planer. Omvendt er en lokal gruppe i gang med at unders\u00f8ge mulighederne for at etablere \u00e9n central legeplads i Veerst By.<\/p>\n<p style=\"margin-bottom: 0in;\">\u00a0<\/p>\n<h3 style=\"margin-bottom: 0in;\">Hvad kan jeg bruge Lokalr\u00e5det til??<\/h3>\n<p style=\"margin-bottom: 0in;\">Lokalr\u00e5det er som en sikkerhedssele: Den har ingen relevans hvis den ikke bliver brugt!<\/p>\n<p style=\"margin-bottom: 0in;\">(dette g\u00e6lder i \u00f8vrigt omr\u00e5dets andre foreninger).<\/p>\n<p style=\"margin-bottom: 0in;\">Derfor: Har du \u00f8nsker eller ideer til sportsaktiviteter, kulturarrangementer eller lignende henvender du dig til hhv. Veerst SG&amp;I eller Bylauget osv. Rammer dine tanker forbi de etablerede foreninger eller er de mere overordnede h\u00f8rer vi gerne fra dig i Lokalr\u00e5det. Brug endelig Veerst.dk til at lufte dine ideer, for at f\u00e5 st\u00f8tte og dialog ogs\u00e5.<\/p>\n<p style=\"margin-bottom: 0in;\">Skal der bruges penge til projekter som er til almen nytte for lokalomr\u00e5det indg\u00e5r Lokalr\u00e5det gerne som officielt mellemled overf\u00e5r eksempelvis kommunen. Gennem Lokalr\u00e5det har du adgang til diverse finansieringsmuligheder ligesom det sikres at projektet har opbakning i Lokalomr\u00e5det.<\/p>\n<p style=\"margin-bottom: 0in;\">Derfor: Hold dig ikke tilbage \u2013 Vi h\u00f8rer gerne fra dig.<\/p>\n<p>\u00a0<\/p>\n<p>P\u00e5 lokalr\u00e5dets vegne<\/p>\n<p style=\"margin-bottom: 0in;\">Martin M\u00f8hl<\/p>\n","protected":false},"excerpt":{"rendered":"<p>Lokalr\u00e5det for Veerst Sogn \u2013 Hvad er nu det for noget??? Baggrunden for Lokalr\u00e5det er Kommunalreformen fra 1\/1-2007 som indebar f\u00e6rre og st\u00f8rre kommuner. Alt andet lige har dette betydet st\u00f8rre afstand mellem borgere og beslutningstagere i forvaltninger og kommunalbestyrelser.&hellip;<\/p>\n<p class=\"more-link-p\"><a class=\"more-link\" href=\"https:\/\/www.news.veerst.info\/?p=271\">Read more &rarr;<\/a><\/p>\n","protected":false},"author":1,"featured_media":0,"comment_status":"open","ping_status":"open","sticky":false,"template":"","format":"standard","meta":[],"categories":[43],"tags":[],"_links":{"self":[{"href":"https:\/\/www.news.veerst.info\/index.php?rest_route=\/wp\/v2\/posts\/271"}],"collection":[{"href":"https:\/\/www.news.veerst.info\/index.php?rest_route=\/wp\/v2\/posts"}],"about":[{"href":"https:\/\/www.news.veerst.info\/index.php?rest_route=\/wp\/v2\/types\/post"}],"author":[{"embeddable":true,"href":"https:\/\/www.news.veerst.info\/index.php?rest_route=\/wp\/v2\/users\/1"}],"replies":[{"embeddable":true,"href":"https:\/\/www.news.veerst.info\/index.php?rest_route=%2Fwp%2Fv2%2Fcomments&post=271"}],"version-history":[{"count":0,"href":"https:\/\/www.news.veerst.info\/index.php?rest_route=\/wp\/v2\/posts\/271\/revisions"}],"wp:attachment":[{"href":"https:\/\/www.news.veerst.info\/index.php?rest_route=%2Fwp%2Fv2%2Fmedia&parent=271"}],"wp:term":[{"taxonomy":"category","embeddable":true,"href":"https:\/\/www.news.veerst.info\/index.php?rest_route=%2Fwp%2Fv2%2Fcategories&post=271"},{"taxonomy":"post_tag","embeddable":true,"href":"https:\/\/www.news.veerst.info\/index.php?rest_route=%2Fwp%2Fv2%2Ftags&post=271"}],"curies":[{"name":"wp","href":"https:\/\/api.w.org\/{rel}","templated":true}]}}