{"id":272,"date":"2010-06-01T06:42:23","date_gmt":"2010-06-01T06:42:23","guid":{"rendered":"https:\/\/www.news.veerst.info\/?p=272"},"modified":"2010-06-01T06:42:23","modified_gmt":"2010-06-01T06:42:23","slug":"vedtaegter-for-veerst-lokalrad","status":"publish","type":"post","link":"https:\/\/www.news.veerst.info\/?p=272","title":{"rendered":"Vedt\u00e6gter for Veerst Lokalr\u00e5d"},"content":{"rendered":"<p><meta http-equiv=\"CONTENT-TYPE\" content=\"text\/html; charset=utf-8\" \/> <title><\/title> <meta name=\"GENERATOR\" content=\"OpenOffice.org 3.2  (Win32)\" \/> <\/p>\n<p style=\"margin-bottom: 0in;\" align=\"CENTER\"><span style=\"font-size: 12pt;\"><strong>Vedt\u00e6gter for Veerst Lokalr\u00e5d<\/strong><\/span><\/p>\n<p style=\"margin-bottom: 0in;\" align=\"CENTER\"><span style=\"font-size: 12pt;\"><br \/><\/span><\/p>\n<p style=\"margin-bottom: 0in;\" align=\"CENTER\"><span style=\"font-size: 12pt;\">\u00a71 Navn og Hjemsted<\/span><\/p>\n<p style=\"margin-bottom: 0in;\" align=\"LEFT\"><span style=\"font-size: 12pt;\"><br \/><\/span><\/p>\n<p style=\"margin-bottom: 0in;\" align=\"LEFT\"><span style=\"font-size: 12pt;\">Lokalr\u00e5det er en forening med navn Veerst Lokalr\u00e5d.<\/span><\/p>\n<p style=\"margin-bottom: 0in;\" align=\"LEFT\"><span style=\"font-size: 12pt;\"><br \/><\/span><\/p>\n<p style=\"margin-bottom: 0in;\" align=\"LEFT\"><span style=\"font-size: 12pt;\">Veerst Lokalr\u00e5d\u00b4s geografiske virke er Veerst sogn<\/span><\/p>\n<p style=\"margin-bottom: 0in;\" align=\"LEFT\"><span style=\"font-size: 12pt;\"><br \/><\/span><\/p>\n<p style=\"margin-bottom: 0in;\" align=\"CENTER\"><span style=\"font-size: 12pt;\">\u00a72 Form\u00e5l: <\/span><\/p>\n<ol>\n<li>\n<p style=\"margin-bottom: 0in;\" align=\"LEFT\"><span style=\"font-size: 12pt;\">Veerst Lokalr\u00e5d har \ttil form\u00e5l at arbejde for sammenhold, identitet og trivsel i Veerst \tSogn gennem:<\/span><\/p>\n<\/li>\n<\/ol>\n<p style=\"margin-bottom: 0in;\" align=\"LEFT\"><span style=\"font-size: 12pt;\"><br \/><\/span><\/p>\n<ol>\n<li>\n<p style=\"margin-bottom: 0in;\" align=\"LEFT\"><span style=\"font-size: 12pt;\">Koordinere aktiviteter \tog tiltag mellem borgere, foreninger og erhvervsliv.<\/span><\/p>\n<\/li>\n<\/ol>\n<p style=\"margin-bottom: 0in;\" align=\"LEFT\"><span style=\"font-size: 12pt;\"><br \/><\/span><\/p>\n<ol start=\"2\">\n<li>\n<p style=\"margin-bottom: 0in;\" align=\"LEFT\"><span style=\"font-size: 12pt;\">V\u00e6re kontaktpunkt \tmellem  offentlige instanser \u2013 herunder kommunen og borgere, \tforeninger og erhvervsliv i sager med almen betydning for \tlokalomr\u00e5det.<\/span><\/p>\n<\/li>\n<\/ol>\n<p style=\"margin-bottom: 0in;\" align=\"LEFT\"><span style=\"font-size: 12pt;\"><br \/><\/span><\/p>\n<ol start=\"3\">\n<li>\n<p style=\"margin-bottom: 0in;\" align=\"LEFT\"><span style=\"font-size: 12pt;\">Repr\u00e6sentere Veerst \tSogns interesser udadtil i kommunale og mellemkommunale organer og \tforeninger i sager af almen betydning.<\/span><\/p>\n<\/li>\n<\/ol>\n<p style=\"margin-bottom: 0in;\" align=\"LEFT\"><span style=\"font-size: 12pt;\"><br \/><\/span><\/p>\n<p style=\"margin-bottom: 0in;\" align=\"CENTER\"><span style=\"font-size: 12pt;\">\u00a73 Medlemmer:<\/span><\/p>\n<p style=\"margin-bottom: 0in;\" align=\"CENTER\"><span style=\"font-size: 12pt;\"><br \/><\/span><\/p>\n<p style=\"margin-bottom: 0in;\" align=\"LEFT\"><span style=\"font-size: 12pt;\">Medlemmerne af Veerst Lokalr\u00e5d udg\u00f8res af repr\u00e6sentanter for de til enhver tid eksisterende foreninger og grupperinger i Veerst Sogn.<\/span><\/p>\n<p style=\"margin-bottom: 0in;\" align=\"LEFT\"><span style=\"font-size: 12pt;\"><br \/><\/span><\/p>\n<p style=\"margin-bottom: 0in;\" align=\"LEFT\"><span style=\"font-size: 12pt;\">Eksempelvis:<\/span><\/p>\n<p style=\"margin-left: 0.54in; margin-bottom: 0in;\" align=\"LEFT\"><span style=\"font-size: 12pt;\">Bylauget for Veerst og Omegn<\/span><\/p>\n<p style=\"margin-left: 0.54in; margin-bottom: 0in;\" align=\"LEFT\"><span style=\"font-size: 12pt;\">Veerst Skytte, gymnastik og idr\u00e6tsforening<\/span><\/p>\n<p style=\"margin-left: 0.54in; margin-bottom: 0in;\" align=\"LEFT\"><span style=\"font-size: 12pt;\">Veerst Vandv\u00e6rk<\/span><\/p>\n<p style=\"margin-left: 0.54in; margin-bottom: 0in;\" align=\"LEFT\"><span style=\"font-size: 12pt;\">Menighedsr\u00e5det for Veerst Sogn<\/span><\/p>\n<p style=\"margin-left: 0.54in; margin-bottom: 0in;\" align=\"LEFT\"><span style=\"font-size: 12pt;\">Veerst Projektst\u00f8tteforening<\/span><\/p>\n<p style=\"margin-left: 0.54in; margin-bottom: 0in;\" align=\"LEFT\"><span style=\"font-size: 12pt;\">Landbrugsinteresser<\/span><\/p>\n<p style=\"margin-left: 0.54in; margin-bottom: 0in;\" align=\"LEFT\"><span style=\"font-size: 12pt;\">Erhvervslivet<\/span><\/p>\n<p style=\"margin-bottom: 0in;\" align=\"LEFT\"><span style=\"font-size: 12pt;\"><br \/><\/span><\/p>\n<p style=\"margin-bottom: 0in;\" align=\"LEFT\"><span style=\"font-size: 12pt;\">De enkelte medlemmer udpeges af den til enhver tid siddende bestyrelse i den enkelte forening \/ gruppering.<\/span><\/p>\n<p style=\"margin-bottom: 0in;\"><span style=\"font-size: 12pt;\"><br \/><\/span><\/p>\n<p style=\"margin-bottom: 0in;\" align=\"CENTER\"><span style=\"font-size: 12pt;\">\u00a74 M\u00f8der:<\/span><\/p>\n<p style=\"margin-bottom: 0in;\" align=\"LEFT\"><span style=\"font-size: 12pt;\">Lokalr\u00e5det afholder 2 faste m\u00f8der om \u00e5ret medio april og medio oktober.<\/span><\/p>\n<p style=\"margin-bottom: 0in;\" align=\"LEFT\"><span style=\"font-size: 12pt;\">Repr\u00e6sentanten fra Bylauget for Veerst og Omegn indkalder med minimum 14 dages varsel samt angivelse af dagsorden. <\/span><\/p>\n<p style=\"margin-bottom: 0in;\" align=\"LEFT\"><span style=\"font-size: 12pt;\"><br \/><\/span><\/p>\n<p style=\"margin-bottom: 0in;\" align=\"CENTER\"><span style=\"font-size: 12pt;\">\u00a75 Vedt\u00e6gts\u00e6ndringer<\/span><\/p>\n<p style=\"margin-bottom: 0in;\" align=\"LEFT\"><span style=\"font-size: 12pt;\">\u00c6ndringer i vedt\u00e6gterne kan ske efter godkendelse af bestyrelserne i de foreninger\/ grupperinger som p\u00e5 det p\u00e5g\u00e6ldende tidspunkt er repr\u00e6senteret i Lokalr\u00e5det. De g\u00e6ldende vedt\u00e6gter skal offentligg\u00f8res p\u00e5 www.veerst.dk<\/span><\/p>\n<p style=\"margin-bottom: 0in;\" align=\"CENTER\"><span style=\"font-size: 12pt;\"><br \/><\/span><\/p>\n<p style=\"margin-bottom: 0in;\" align=\"CENTER\"><span style=\"font-size: 12pt;\">\u00a76 Regnskab<\/span><\/p>\n<p style=\"margin-bottom: 0in;\" align=\"LEFT\"><span style=\"font-size: 12pt;\">Eftersom Lokalr\u00e5det ofte vil agere som officielt mellemled mellem offentlige instanser og de enkelte projektgrupper skal Lokalr\u00e5det til hver tid st\u00e5r til regnskab for de modtagne st\u00f8ttebel\u00f8b. \u00c5rsregnskab for det foreg\u00e5ende \u00e5r skal offentligg\u00f8res ultimo april p\u00e5 www.veerst.dk.<\/span><\/p>\n","protected":false},"excerpt":{"rendered":"<p>Vedt\u00e6gter for Veerst Lokalr\u00e5d \u00a71 Navn og Hjemsted Lokalr\u00e5det er en forening med navn Veerst Lokalr\u00e5d. Veerst Lokalr\u00e5d\u00b4s geografiske virke er Veerst sogn \u00a72 Form\u00e5l: Veerst Lokalr\u00e5d har til form\u00e5l at arbejde for sammenhold, identitet og trivsel i Veerst Sogn&hellip;<\/p>\n<p class=\"more-link-p\"><a class=\"more-link\" href=\"https:\/\/www.news.veerst.info\/?p=272\">Read more &rarr;<\/a><\/p>\n","protected":false},"author":1,"featured_media":0,"comment_status":"open","ping_status":"open","sticky":false,"template":"","format":"standard","meta":[],"categories":[43],"tags":[],"_links":{"self":[{"href":"https:\/\/www.news.veerst.info\/index.php?rest_route=\/wp\/v2\/posts\/272"}],"collection":[{"href":"https:\/\/www.news.veerst.info\/index.php?rest_route=\/wp\/v2\/posts"}],"about":[{"href":"https:\/\/www.news.veerst.info\/index.php?rest_route=\/wp\/v2\/types\/post"}],"author":[{"embeddable":true,"href":"https:\/\/www.news.veerst.info\/index.php?rest_route=\/wp\/v2\/users\/1"}],"replies":[{"embeddable":true,"href":"https:\/\/www.news.veerst.info\/index.php?rest_route=%2Fwp%2Fv2%2Fcomments&post=272"}],"version-history":[{"count":0,"href":"https:\/\/www.news.veerst.info\/index.php?rest_route=\/wp\/v2\/posts\/272\/revisions"}],"wp:attachment":[{"href":"https:\/\/www.news.veerst.info\/index.php?rest_route=%2Fwp%2Fv2%2Fmedia&parent=272"}],"wp:term":[{"taxonomy":"category","embeddable":true,"href":"https:\/\/www.news.veerst.info\/index.php?rest_route=%2Fwp%2Fv2%2Fcategories&post=272"},{"taxonomy":"post_tag","embeddable":true,"href":"https:\/\/www.news.veerst.info\/index.php?rest_route=%2Fwp%2Fv2%2Ftags&post=272"}],"curies":[{"name":"wp","href":"https:\/\/api.w.org\/{rel}","templated":true}]}}