{"id":278,"date":"2010-06-14T20:32:42","date_gmt":"2010-06-14T20:32:42","guid":{"rendered":"https:\/\/www.news.veerst.info\/?p=278"},"modified":"2010-06-14T20:32:42","modified_gmt":"2010-06-14T20:32:42","slug":"borgerne-i-roj-og-egholt-sender-nu-indsigelser-kaempemollerne-naboer-i-tim-generes-af-lavfrekvent-stoj-de-stottes-nu-af-aalborg-universitet","status":"publish","type":"post","link":"https:\/\/www.news.veerst.info\/?p=278","title":{"rendered":"Borgere i R\u00f8j imod k\u00e6mpe- vindm\u00f8ller \u2013 St\u00f8jen vil genere viser helt ny forskning"},"content":{"rendered":"<p>Alle kommende naboer til de nye k\u00e6mpevindm\u00f8ller, som Veerst.dk har talt med i R\u00f8j og Egholt siger, at de vil sende indsigelser mod placering D i Kolding kommunes debatopl\u00e6g om mulige placeringer af k\u00e6mpevindm\u00f8ller. Alle var overraskede over, at Kolding kommune overhovedet har overvejet placeringen og borgerne med bop\u00e6l i Vejen kommune var ogs\u00e5 lidt fort\u00f8rnede over, at Vejen kommune ikke har varskoet dem om Kolding kommunes overvejelser. Kommende naboer til de mulige k\u00e6mpevindm\u00f8ller, som bor i Vejen kommune sender ogs\u00e5 en kopi af deres indsigelser til Vejen kommune. Indsigelserne skal indsendes inden den 17. juni. Derefter oph\u00f8rer debatperioden. Kopier af de breve, som er foresl\u00e5et til brug for indsigelserne, kan downloades her fra:<\/p>\n<p><span class=\"jce_file\"><a class=\"jce_file\" title=\"Hvis man bor i Vejen kommune\" href=\"https:\/\/www.news.veerst.info\/wp-content\/uploads\/2010\/06\/Indsigelsesbrev_vindmoeller_placering_D_nabo_i_Vejen_kommune_-_Kopi.odt\">Hvis man bor i Vejen kommune<\/a> <\/span><\/p>\n<p><a class=\"jce_file_custom\" title=\"Indsigelsesbrev_vindmoeller_placering_D_nabo_i_Kolding_kommune_-_Kopi.odt\" href=\"https:\/\/www.news.veerst.info\/wp-content\/uploads\/2010\/06\/Indsigelsesbrev_vindmoeller_placering_D_nabo_i_Kolding_kommune_-_Kopi.odt\">Hvis man bor i Kolding kommune<\/a><\/p>\n<p><span class=\"jce_file_custom\">Med s\u00e5 store m\u00f8ller p\u00e5 150 m<\/span>eter i h\u00f8jden &#8211; er det meste af Veerst by inde i den s\u00e5kaldte n\u00e6rhedszone for m\u00f8llerne.<\/p>\n<h3>Naboerne generes meget af lavfrekvent st\u00f8j fra 150 meters m\u00f8ller i Tim i Vestjylland<\/h3>\n<p>Weekend avisen skriver i Nr 23 i uge 23 en l\u00e6ngere artikel om vestjydernes gener fra kraftig lavfrekvent st\u00f8j fra store m\u00f8ller, hvor den f\u00f8rste m\u00f8lle blev sat i drift for 1,5 \u00e5r siden. <em>&#8220;Det er som at have en t\u00f8rretumbler i fodenden af sengen&#8221;, <\/em>at v\u00e6re nabo til disse k\u00e6mpem\u00f8ller.<em> &#8220;Det er som om, at man tror, der er orkan uden for, men n\u00e5r man s\u00e5 \u00e5bner d\u00f8ren, bl\u00e6ser det s\u00e5dan set ikke&#8221;, &#8220;b\u00f8rnene kan ikke sove&#8221;, &#8220;fjernsynet skal skrues op for at h\u00f8re det&#8221;, &#8220;en brummende meget enerverende lyd&#8221;.<\/em> S\u00e5dan siger naboerne i Tim, som Weekend avisen har talt med.<\/p>\n<h3>Aalborg universitet forst\u00e5r godt, hvad det er naboerne f\u00f8ler sig s\u00e5 st\u00e6rkt generet af<\/h3>\n<p>P\u00e5 Aalborg universitet har man selv fortaget en analyse af den lavfrekvente vindm\u00f8llest\u00f8j. Universitetet har anvendt de st\u00f8jm\u00e5linger som branchens og milj\u00f8styrelsens eget firma: Delta, for to \u00e5r siden brugte til at sige, at man ikke skulle tage sig af den lavfrekvente st\u00f8j ved de store vindm\u00f8ller. Professor Henrik M\u00f8ller ved Aalborg universitet, som er en af de f\u00f8rende eksperter i verden inden for akustik, sagde allerede for to \u00e5r siden, at Deltas konklusioner var uvidenskabelige, men alligevel blev de efter pres fra vindm\u00f8lleindustrien lagt til grund for at de danske myndigheders regler om naboafstande ikke specielt skulle iagttage den lavfrekvente st\u00f8j. Nu har Aalborg universitet imidlertid fremlagt forskning, den 10. juni 2010, som publiceres internationalt. Den viser, at den lavfrekvente st\u00f8j er meget st\u00e6rkere og mere generende jo st\u00f8rre m\u00f8llerne bliver.<\/p>\n<h3>Aalborg universitet har delvist taget branchen og myndighederne p\u00e5 sengen<\/h3>\n<p>Delta og vindm\u00f8llebranchen er sammen med milj\u00f8myndighederne ved at se p\u00e5 disse forskningsresultater fra Aalborg. De forholder sig lige nu afventende og tavse. Aalborg universitet siger til geng\u00e6ld, afstandene til naboerne skal h\u00e6ves markant, fordi den lavfrekvente st\u00f8j fra de store vindm\u00f8ller ellers vil genere naboerne. Det er s\u00e5ledes ikke m\u00e6rkeligt, at naboerne til 150 meters m\u00f8ller ved Tim, f\u00f8ler sig st\u00e6rkt generede af st\u00f8jen. Naboer til de k\u00e6mpem\u00f8ller, der allerede er opstillet p\u00e5 land andre steder, genkender helt generne fra Tim og kan helt genkende Professorens konklusioner ang\u00e5ende generne. Vindm\u00f8lleindustrien har heller ikke taget naboklagerne ved testen af de store m\u00f8ller ved H\u00f8vs\u00f8re alvorligt inden man gik i gang med at udbrede store havm\u00f8ller til lands. I H\u00f8vs\u00f8re har naboer l\u00e6nge fortalt om st\u00e6rke st\u00f8jgener fra k\u00e6mpem\u00f8llerne. Men den del af testen har industrien og myndighederne ikke taget konsekvensen af og nu rapporterer borgerne ved Tim ogs\u00e5 om st\u00e6rke st\u00f8jgener.<\/p>\n<p>I Esbjerg er nogle af de lokalpolitikere, som f\u00f8r var stemt for at give Siemens tilladelse til at opf\u00f8re 4 fors\u00f8gsm\u00f8ller ved M\u00e5de i op til 200 meters h\u00f8jde, nu blevet i tvivl p\u00e5 grund af helbredsrisikoen og generne fra den lavfrekvente st\u00f8j.<\/p>\n<p>I Aalborg har man gennemf\u00f8rt eksperimenter med den lavfrekvente st\u00f8j og unders\u00f8gt hvordan den tr\u00e6nger igennem bygningskonstruktioner. Problemet med den lavfrekvente st\u00f8j er, at den vandrer meget l\u00e6ngere og gennemtr\u00e6nger mange flere barrierer. Desuden er den i sig selv en st\u00e6rkt generende st\u00f8j ogs\u00e5 ved lavere lydstyrker.<\/p>\n<p>P\u00e5 Veerst.dk researches der lige nu lidt mere om vindm\u00f8llernes gener og vi er p\u00e5 vej med en lille video i samarbejde med en canadisk TV-station.<\/p>\n<p><img decoding=\"async\" loading=\"lazy\" class=\" size-full wp-image-277\" alt=\"100 meters m\u00f8llerne i Knudsb\u00f8l\" src=\"https:\/\/www.news.veerst.info\/wp-content\/uploads\/2010\/06\/mollerne_knudsbol_100meter.jpg\" width=\"427\" height=\"640\" width=\"427\" height=\"640\" srcset=\"https:\/\/www.news.veerst.info\/wp-content\/uploads\/2010\/06\/mollerne_knudsbol_100meter.jpg 427w, https:\/\/www.news.veerst.info\/wp-content\/uploads\/2010\/06\/mollerne_knudsbol_100meter-200x300.jpg 200w\" sizes=\"(max-width: 427px) 100vw, 427px\" \/><\/p>\n<p>100 meter h\u00f8j m\u00f8ller i Knudsb\u00f8l &#8211; I R\u00f8j tales om 150 meters m\u00f8ller som ved Tim<\/p>\n","protected":false},"excerpt":{"rendered":"<p>Alle kommende naboer til de nye k\u00e6mpevindm\u00f8ller, som Veerst.dk har talt med i R\u00f8j og Egholt siger, at de vil sende indsigelser mod placering D i Kolding kommunes debatopl\u00e6g om mulige placeringer af k\u00e6mpevindm\u00f8ller. Alle var overraskede over, at Kolding&hellip;<\/p>\n<p class=\"more-link-p\"><a class=\"more-link\" href=\"https:\/\/www.news.veerst.info\/?p=278\">Read more &rarr;<\/a><\/p>\n","protected":false},"author":1,"featured_media":0,"comment_status":"open","ping_status":"open","sticky":false,"template":"","format":"standard","meta":[],"categories":[44],"tags":[],"_links":{"self":[{"href":"https:\/\/www.news.veerst.info\/index.php?rest_route=\/wp\/v2\/posts\/278"}],"collection":[{"href":"https:\/\/www.news.veerst.info\/index.php?rest_route=\/wp\/v2\/posts"}],"about":[{"href":"https:\/\/www.news.veerst.info\/index.php?rest_route=\/wp\/v2\/types\/post"}],"author":[{"embeddable":true,"href":"https:\/\/www.news.veerst.info\/index.php?rest_route=\/wp\/v2\/users\/1"}],"replies":[{"embeddable":true,"href":"https:\/\/www.news.veerst.info\/index.php?rest_route=%2Fwp%2Fv2%2Fcomments&post=278"}],"version-history":[{"count":0,"href":"https:\/\/www.news.veerst.info\/index.php?rest_route=\/wp\/v2\/posts\/278\/revisions"}],"wp:attachment":[{"href":"https:\/\/www.news.veerst.info\/index.php?rest_route=%2Fwp%2Fv2%2Fmedia&parent=278"}],"wp:term":[{"taxonomy":"category","embeddable":true,"href":"https:\/\/www.news.veerst.info\/index.php?rest_route=%2Fwp%2Fv2%2Fcategories&post=278"},{"taxonomy":"post_tag","embeddable":true,"href":"https:\/\/www.news.veerst.info\/index.php?rest_route=%2Fwp%2Fv2%2Ftags&post=278"}],"curies":[{"name":"wp","href":"https:\/\/api.w.org\/{rel}","templated":true}]}}