{"id":279,"date":"2010-06-18T18:16:50","date_gmt":"2010-06-18T18:16:50","guid":{"rendered":"https:\/\/www.news.veerst.info\/?p=279"},"modified":"2010-06-18T18:16:50","modified_gmt":"2010-06-18T18:16:50","slug":"arbejdsdag-i-forsamlingshuset","status":"publish","type":"post","link":"https:\/\/www.news.veerst.info\/?p=279","title":{"rendered":"Arbejdsdag i Forsamlingshuset"},"content":{"rendered":"<p>Forsamlingshuset i Veerst tr\u00e6nger til en make-over.<\/p>\n<p>Derfor er der planlagt en arbejdsdag for byens borgere<\/p>\n<p style=\"text-align: center;\"><span style=\"font-size: 18pt;\"><strong><em><span style=\"background-color: #ffff00;\">L\u00d8RDAG DEN 21. AUGUST KL. 09.00<\/span><\/em><\/strong><\/span><\/p>\n<p>Opgaver samt n\u00e6rmere informationer f\u00f8lger her p\u00e5 siden.<\/p>\n<p><img decoding=\"async\" loading=\"lazy\" class=\" size-full wp-image-234\" src=\"https:\/\/www.news.veerst.info\/wp-content\/uploads\/2010\/04\/forsamlingshus_veerst3.jpg\" alt=\"forsamlingshus_veerst3\" width=\"467\" height=\"311\" width=\"467\" height=\"311\" \/><\/p>\n","protected":false},"excerpt":{"rendered":"<p>Forsamlingshuset i Veerst tr\u00e6nger til en make-over. Derfor er der planlagt en arbejdsdag for byens borgere L\u00d8RDAG DEN 21. AUGUST KL. 09.00 Opgaver samt n\u00e6rmere informationer f\u00f8lger her p\u00e5 siden.<\/p>\n<p class=\"more-link-p\"><a class=\"more-link\" href=\"https:\/\/www.news.veerst.info\/?p=279\">Read more &rarr;<\/a><\/p>\n","protected":false},"author":1,"featured_media":234,"comment_status":"open","ping_status":"open","sticky":false,"template":"","format":"standard","meta":[],"categories":[45],"tags":[],"_links":{"self":[{"href":"https:\/\/www.news.veerst.info\/index.php?rest_route=\/wp\/v2\/posts\/279"}],"collection":[{"href":"https:\/\/www.news.veerst.info\/index.php?rest_route=\/wp\/v2\/posts"}],"about":[{"href":"https:\/\/www.news.veerst.info\/index.php?rest_route=\/wp\/v2\/types\/post"}],"author":[{"embeddable":true,"href":"https:\/\/www.news.veerst.info\/index.php?rest_route=\/wp\/v2\/users\/1"}],"replies":[{"embeddable":true,"href":"https:\/\/www.news.veerst.info\/index.php?rest_route=%2Fwp%2Fv2%2Fcomments&post=279"}],"version-history":[{"count":0,"href":"https:\/\/www.news.veerst.info\/index.php?rest_route=\/wp\/v2\/posts\/279\/revisions"}],"wp:featuredmedia":[{"embeddable":true,"href":"https:\/\/www.news.veerst.info\/index.php?rest_route=\/wp\/v2\/media\/234"}],"wp:attachment":[{"href":"https:\/\/www.news.veerst.info\/index.php?rest_route=%2Fwp%2Fv2%2Fmedia&parent=279"}],"wp:term":[{"taxonomy":"category","embeddable":true,"href":"https:\/\/www.news.veerst.info\/index.php?rest_route=%2Fwp%2Fv2%2Fcategories&post=279"},{"taxonomy":"post_tag","embeddable":true,"href":"https:\/\/www.news.veerst.info\/index.php?rest_route=%2Fwp%2Fv2%2Ftags&post=279"}],"curies":[{"name":"wp","href":"https:\/\/api.w.org\/{rel}","templated":true}]}}