{"id":28,"date":"2009-05-09T09:14:00","date_gmt":"2009-05-09T09:14:00","guid":{"rendered":"https:\/\/www.news.veerst.info\/?p=28"},"modified":"2009-05-09T09:14:00","modified_gmt":"2009-05-09T09:14:00","slug":"stort-soprojekt-i-veerst","status":"publish","type":"post","link":"https:\/\/www.news.veerst.info\/?p=28","title":{"rendered":"Stort s\u00f8projekt i Veerst"},"content":{"rendered":"<dl>\n<dd><span style=\"font-size: 12pt;\">&#8220;Jeg v\u00e9d, hvor der findes en have s\u00e5 sk\u00f8n,<\/span><\/dd>\n<dd><span style=\"font-size: 12pt;\">\u00a0hvor s\u00f8en er bl\u00e5. og hvor skoven er gr\u00f8n,<\/span><\/dd>\n<dd><span style=\"font-size: 12pt;\">\u00a0hvor fuglene bygge i l\u00f8vh\u00e6kkens ly<\/span><\/dd>\n<dd><span style=\"font-size: 12pt;\">\u00a0og flyve hver morgen med sang over sky.<\/span><\/dd>\n<dd><span style=\"font-size: 12pt;\">\u00a0<\/span><\/dd>\n<dd><span style=\"font-size: 12pt;\">\u00a0Og midt i den friske og gyngende s\u00f8<\/span><\/dd>\n<dd><span style=\"font-size: 12pt;\">\u00a0d\u00e9r dukker af dybet&#8230;.<\/span><\/dd>\n<dd><span style=\"font-size: 12pt;\"><\/span><\/dd>\n<dd><span style=\"font-size: 12pt;\">\u00a0<img decoding=\"async\" loading=\"lazy\" class=\" size-full wp-image-24\" height=\"536\" width=\"712\" src=\"https:\/\/www.news.veerst.info\/wp-content\/uploads\/2009\/05\/s1.jpg\" alt=\"s1\" width=\"712\" height=\"536\" srcset=\"https:\/\/www.news.veerst.info\/wp-content\/uploads\/2009\/05\/s1.jpg 712w, https:\/\/www.news.veerst.info\/wp-content\/uploads\/2009\/05\/s1-300x225.jpg 300w\" sizes=\"(max-width: 712px) 100vw, 712px\" \/><\/span><\/dd>\n<dd><span style=\"font-size: 12pt;\">S\u00e5dan sang vi i forsamlingshuset onsdag aften. Sangen passer fint til stemningen l\u00f8rdag aften, da Mikkel og jeg k\u00f8rte hjem fra R\u00f8jg\u00e5rd..<\/span><\/dd>\n<dd><span style=\"font-size: 12pt;\">\u00a0<\/span><\/dd>\n<dd><span style=\"font-size: 12pt;\">Familien G\u00e6melke havde bl.a. inviteret de ber\u00f8rte lodsejere langs med \u00c5kj\u00e6r \u00c5 til fremvisning af f\u00f8rste anl\u00e6gsarbejde i \u00c5kj\u00e6r \u00c5. Et konstrueret v\u00e5domr\u00e5de.<\/span><\/dd>\n<dd><span style=\"font-size: 12pt;\">\u00a0<\/span><\/dd>\n<dd><span style=\"font-size: 12pt;\">Her s\u00e5 vi, hvordan landbruget kan v\u00e6re med til at passe p\u00e5 \/ bevare naturen. En kunstig s\u00f8 var gravet ud t\u00e6t ved \u00e5en. Fra s\u00f8ens vandoverflade var f\u00f8rt et r\u00f8r ud i \u00e5en. Overfladevandet er rent for landbrugets overskudsn\u00e6ringsstoffer. N\u00e6ringsstofferne bliver i s\u00f8en, hvor der bliver plantet vandplanter, som skal vokse af n\u00e6ringsstofferne. Forklaringen fik vi af ingeni\u00f8ren, som havde f\u00f8rt sin ide ud i virkeligheden.<\/span><\/dd>\n<dd><span style=\"font-size: 12pt;\">\u00a0<img decoding=\"async\" loading=\"lazy\" class=\" size-full wp-image-25\" height=\"536\" width=\"712\" src=\"https:\/\/www.news.veerst.info\/wp-content\/uploads\/2009\/05\/s2.jpg\" alt=\"s2\" width=\"712\" height=\"536\" srcset=\"https:\/\/www.news.veerst.info\/wp-content\/uploads\/2009\/05\/s2.jpg 712w, https:\/\/www.news.veerst.info\/wp-content\/uploads\/2009\/05\/s2-300x225.jpg 300w\" sizes=\"(max-width: 712px) 100vw, 712px\" \/><\/span><\/dd>\n<dd><span style=\"font-size: 12pt;\">Milj\u00f8minister Troels Lund Poulsen var for at &#8220;tr\u00e6kke proppen op&#8221; af r\u00f8ret. Vi s\u00e5 at vandet begyndte at rende fra s\u00f8en ud i \u00e5en.\u00a0<\/span><\/dd>\n<dd><span style=\"font-size: 12pt;\">\u00a0<\/span><\/dd>\n<dd><span style=\"font-size: 12pt;\">Mange g\u00e6ster var inviteret. Ca. 60 m\u00f8dte op.<\/span><\/dd>\n<dd><span style=\"font-size: 12pt;\">Kolding og Vejen kommuner var repr\u00e6senteret. Vejen kommune med Egon Fr\u00e6hr, som i sin tale bl.a. \u00f8nskede tillykke med det gode samarbejde mellem de 2 kommuner, skov- og naturstyrelsen og landbruget. Der er nu dannet gode rammer for forts\u00e6ttelsen af projektet.<\/span><\/dd>\n<dd><span style=\"font-size: 12pt;\">\u00a0<\/span><\/dd>\n<dd><span style=\"font-size: 12pt;\">Nu er det sp\u00e6ndende, hvordan de lokale landm\u00e6nd og udvalget i forening beslutter sig for at forts\u00e6tte projektet..<\/span><\/dd>\n<dd><span style=\"font-size: 12pt;\">\u00a0<\/span><\/dd>\n<dd><span style=\"font-size: 12pt;\">Kirsten Landmark<\/span><\/dd>\n<dd><span style=\"font-size: 12pt;\">08.05.2009<\/span><\/dd>\n<dd><span style=\"font-size: 12pt;\"><img decoding=\"async\" loading=\"lazy\" class=\" size-full wp-image-26\" height=\"536\" width=\"712\" src=\"https:\/\/www.news.veerst.info\/wp-content\/uploads\/2009\/05\/s4.jpg\" alt=\"s4\" width=\"712\" height=\"536\" srcset=\"https:\/\/www.news.veerst.info\/wp-content\/uploads\/2009\/05\/s4.jpg 712w, https:\/\/www.news.veerst.info\/wp-content\/uploads\/2009\/05\/s4-300x225.jpg 300w\" sizes=\"(max-width: 712px) 100vw, 712px\" \/><\/span><\/dd>\n<dd><span style=\"font-size: 12pt;\">\u00a0<img decoding=\"async\" loading=\"lazy\" class=\" size-full wp-image-27\" height=\"536\" width=\"712\" src=\"https:\/\/www.news.veerst.info\/wp-content\/uploads\/2009\/05\/s3.jpg\" alt=\"s3\" width=\"712\" height=\"536\" srcset=\"https:\/\/www.news.veerst.info\/wp-content\/uploads\/2009\/05\/s3.jpg 712w, https:\/\/www.news.veerst.info\/wp-content\/uploads\/2009\/05\/s3-300x225.jpg 300w\" sizes=\"(max-width: 712px) 100vw, 712px\" \/><\/span><\/dd>\n<\/dl>\n","protected":false},"excerpt":{"rendered":"<p>&#8220;Jeg v\u00e9d, hvor der findes en have s\u00e5 sk\u00f8n, \u00a0hvor s\u00f8en er bl\u00e5. og hvor skoven er gr\u00f8n, \u00a0hvor fuglene bygge i l\u00f8vh\u00e6kkens ly \u00a0og flyve hver morgen med sang over sky. \u00a0 \u00a0Og midt i den friske og gyngende&hellip;<\/p>\n<p class=\"more-link-p\"><a class=\"more-link\" href=\"https:\/\/www.news.veerst.info\/?p=28\">Read more &rarr;<\/a><\/p>\n","protected":false},"author":1,"featured_media":24,"comment_status":"open","ping_status":"open","sticky":false,"template":"","format":"standard","meta":[],"categories":[22],"tags":[],"_links":{"self":[{"href":"https:\/\/www.news.veerst.info\/index.php?rest_route=\/wp\/v2\/posts\/28"}],"collection":[{"href":"https:\/\/www.news.veerst.info\/index.php?rest_route=\/wp\/v2\/posts"}],"about":[{"href":"https:\/\/www.news.veerst.info\/index.php?rest_route=\/wp\/v2\/types\/post"}],"author":[{"embeddable":true,"href":"https:\/\/www.news.veerst.info\/index.php?rest_route=\/wp\/v2\/users\/1"}],"replies":[{"embeddable":true,"href":"https:\/\/www.news.veerst.info\/index.php?rest_route=%2Fwp%2Fv2%2Fcomments&post=28"}],"version-history":[{"count":0,"href":"https:\/\/www.news.veerst.info\/index.php?rest_route=\/wp\/v2\/posts\/28\/revisions"}],"wp:featuredmedia":[{"embeddable":true,"href":"https:\/\/www.news.veerst.info\/index.php?rest_route=\/wp\/v2\/media\/24"}],"wp:attachment":[{"href":"https:\/\/www.news.veerst.info\/index.php?rest_route=%2Fwp%2Fv2%2Fmedia&parent=28"}],"wp:term":[{"taxonomy":"category","embeddable":true,"href":"https:\/\/www.news.veerst.info\/index.php?rest_route=%2Fwp%2Fv2%2Fcategories&post=28"},{"taxonomy":"post_tag","embeddable":true,"href":"https:\/\/www.news.veerst.info\/index.php?rest_route=%2Fwp%2Fv2%2Ftags&post=28"}],"curies":[{"name":"wp","href":"https:\/\/api.w.org\/{rel}","templated":true}]}}