{"id":283,"date":"2010-06-19T17:00:00","date_gmt":"2010-06-19T17:00:00","guid":{"rendered":"https:\/\/www.news.veerst.info\/?p=283"},"modified":"2010-06-19T17:00:00","modified_gmt":"2010-06-19T17:00:00","slug":"jazz-musik-i-veerst-kirke","status":"publish","type":"post","link":"https:\/\/www.news.veerst.info\/?p=283","title":{"rendered":"Jazz musik i Veerst Kirke"},"content":{"rendered":"<p style=\"text-align: center;\"><strong><span style=\"background-color: #ffff00;\"><img decoding=\"async\" loading=\"lazy\" class=\" size-full wp-image-282\" src=\"https:\/\/www.news.veerst.info\/wp-content\/uploads\/2010\/06\/veerst-stor.jpg\" width=\"637\" height=\"465\" width=\"640\" height=\"480\" \/><\/span><\/strong><\/p>\n<p style=\"text-align: center;\"><strong><span style=\"background-color: #ffff00;\"><span style=\"font-size: 14pt;\">Aftengudstjeneste med musik i Veerst Kirke<\/span><\/span><\/strong><\/p>\n<p style=\"text-align: center;\"><strong><span style=\"background-color: #ffff00;\"><span style=\"font-size: 14pt;\">S\u00f8ndag den 20. Juni kl. 19.00<\/span><\/span><\/strong><\/p>\n<p style=\"text-align: left;\"><span style=\"font-size: 12pt;\">Klokken 18.45 fyldes pladsen foran kirken med Jazz-musik, <br \/>menighedsr\u00e5det er v\u00e6rt ved et glas vin og n\u00e5r klokken n\u00e6rmer sig 19 g\u00e5r vi i Kirken til en stemningsfyldt aftengudstjeneste, <br \/>hvor musik, b\u00f8n og eftertanke vil have en central plads. <br \/>Ved gudstjenesten deltager tenorsaxofonist Daniel Martin Nielsen og organist og pianist Simon Jansfort.<\/span><\/p>\n<p style=\"text-align: center;\"><span style=\"font-size: 12pt;\">Vi gl\u00e6der os til en anderledes og hyggelig aften.<\/span><\/p>\n<p style=\"text-align: center;\"><span style=\"font-size: 12pt;\">Vel m\u00f8dt<\/span><\/p>\n<p style=\"text-align: center;\"><span style=\"font-size: 12pt;\">Menighedsr\u00e5det<\/span><\/p>\n","protected":false},"excerpt":{"rendered":"<p>Aftengudstjeneste med musik i Veerst Kirke S\u00f8ndag den 20. Juni kl. 19.00 Klokken 18.45 fyldes pladsen foran kirken med Jazz-musik, menighedsr\u00e5det er v\u00e6rt ved et glas vin og n\u00e5r klokken n\u00e6rmer sig 19 g\u00e5r vi i Kirken til en stemningsfyldt&hellip;<\/p>\n<p class=\"more-link-p\"><a class=\"more-link\" href=\"https:\/\/www.news.veerst.info\/?p=283\">Read more &rarr;<\/a><\/p>\n","protected":false},"author":1,"featured_media":282,"comment_status":"open","ping_status":"open","sticky":false,"template":"","format":"standard","meta":[],"categories":[45],"tags":[],"_links":{"self":[{"href":"https:\/\/www.news.veerst.info\/index.php?rest_route=\/wp\/v2\/posts\/283"}],"collection":[{"href":"https:\/\/www.news.veerst.info\/index.php?rest_route=\/wp\/v2\/posts"}],"about":[{"href":"https:\/\/www.news.veerst.info\/index.php?rest_route=\/wp\/v2\/types\/post"}],"author":[{"embeddable":true,"href":"https:\/\/www.news.veerst.info\/index.php?rest_route=\/wp\/v2\/users\/1"}],"replies":[{"embeddable":true,"href":"https:\/\/www.news.veerst.info\/index.php?rest_route=%2Fwp%2Fv2%2Fcomments&post=283"}],"version-history":[{"count":0,"href":"https:\/\/www.news.veerst.info\/index.php?rest_route=\/wp\/v2\/posts\/283\/revisions"}],"wp:featuredmedia":[{"embeddable":true,"href":"https:\/\/www.news.veerst.info\/index.php?rest_route=\/wp\/v2\/media\/282"}],"wp:attachment":[{"href":"https:\/\/www.news.veerst.info\/index.php?rest_route=%2Fwp%2Fv2%2Fmedia&parent=283"}],"wp:term":[{"taxonomy":"category","embeddable":true,"href":"https:\/\/www.news.veerst.info\/index.php?rest_route=%2Fwp%2Fv2%2Fcategories&post=283"},{"taxonomy":"post_tag","embeddable":true,"href":"https:\/\/www.news.veerst.info\/index.php?rest_route=%2Fwp%2Fv2%2Ftags&post=283"}],"curies":[{"name":"wp","href":"https:\/\/api.w.org\/{rel}","templated":true}]}}