{"id":284,"date":"2010-06-21T13:08:59","date_gmt":"2010-06-21T13:08:59","guid":{"rendered":"https:\/\/www.news.veerst.info\/?p=284"},"modified":"2010-06-21T13:08:59","modified_gmt":"2010-06-21T13:08:59","slug":"nyt-og-spaendende-sct-hans-bal-ved-kirkevejjordrupvej","status":"publish","type":"post","link":"https:\/\/www.news.veerst.info\/?p=284","title":{"rendered":"Nyt og sp\u00e6ndende Sct. Hans b\u00e5l ved Kirkevej \/ Jordrupvej"},"content":{"rendered":"<p>Noget nyt og sp\u00e6ndende er p\u00e5 vej i Veerst. Pladsen p\u00e5 hj\u00f8rnet af Jordrupvej\/Kirkevej bliver rammen om \u00e5rets Sct. Hans b\u00e5l. Pladsen kommer til at rumme byens nye legeplads, som lokale kr\u00e6fter ligger et stort engagement og arbejde i at realisere.<\/p>\n<p>Det ligger arrang\u00f8rerne af Sct. Hans b\u00e5let meget p\u00e5 sinde, at borgerne i Veerst og omegn bliver opm\u00e6rksomme p\u00e5, at b\u00e5let er flyttet til den nye plads. Man er lidt hemnelighedsfulde om selve id\u00e9en med at flytte Sct. Hans b\u00e5let til hj\u00f8rnet af Jordrupvej\/Kirkevej, men det har m\u00e5ske en del at g\u00f8re med den kommende nye legeplads samme sted.<\/p>\n<p>Ikke mindre end 3 lokale b\u00e5ltalere skal sige noget til Byens borgere. B\u00e5de legepladsgruppen, lokalr\u00e5det og bylauget vil holde b\u00e5ltaler i \u00e5r. S\u00e5dan en tr\u00e6ngsel om talerstolen er ganske nyt i Veerst, s\u00e5 det er m\u00e5ske en rigtig god id\u00e9 for mange i Veerst, at m\u00f8de frem til Sct. Hans b\u00e5let i \u00e5r. Noget nyt sp\u00e6ndende kan v\u00e6re p\u00e5 vej.<\/p>\n<p>Arrang\u00f8rerne s\u00f8rger endvidere for, at man kan k\u00f8be b\u00e5de p\u00f8lser, br\u00f8d, vand og \u00f8l mm. Veerst.dk h\u00e5ber, at mange borgere er blevet opm\u00e6rksomme p\u00e5, at Sct. Hans b\u00e5let afholdes et nyt sted i \u00e5r. Det er et af form\u00e5lene for Veerst.dk, at lokalomr\u00e5dets borgere, foreninger mv., kan orientere hinanden. Det er helt gratis at annoncere p\u00e5 hjemmesiden for begivenheder mm.<\/p>\n<p> <img decoding=\"async\" loading=\"lazy\" class=\" size-full wp-image-56\" alt=\"Hj\u00f8rnet Jordrupvej\/Kirkevej fra luften Fotografer: Vestergaard og Jensen 2009\" src=\"https:\/\/www.news.veerst.info\/wp-content\/uploads\/2009\/07\/Veerst26-1.jpg\" width=\"512\" height=\"340\" width=\"512\" height=\"340\" \/> <\/p>\n<p>Luftfoto: Jordrupvej\/Kirkevej. Foto: Lars Vestergaard og Mogens Jensen, 2009<\/p>\n","protected":false},"excerpt":{"rendered":"<p>Noget nyt og sp\u00e6ndende er p\u00e5 vej i Veerst. Pladsen p\u00e5 hj\u00f8rnet af Jordrupvej\/Kirkevej bliver rammen om \u00e5rets Sct. Hans b\u00e5l. Pladsen kommer til at rumme byens nye legeplads, som lokale kr\u00e6fter ligger et stort engagement og arbejde i at&hellip;<\/p>\n<p class=\"more-link-p\"><a class=\"more-link\" href=\"https:\/\/www.news.veerst.info\/?p=284\">Read more &rarr;<\/a><\/p>\n","protected":false},"author":1,"featured_media":56,"comment_status":"open","ping_status":"open","sticky":false,"template":"","format":"standard","meta":[],"categories":[19],"tags":[],"_links":{"self":[{"href":"https:\/\/www.news.veerst.info\/index.php?rest_route=\/wp\/v2\/posts\/284"}],"collection":[{"href":"https:\/\/www.news.veerst.info\/index.php?rest_route=\/wp\/v2\/posts"}],"about":[{"href":"https:\/\/www.news.veerst.info\/index.php?rest_route=\/wp\/v2\/types\/post"}],"author":[{"embeddable":true,"href":"https:\/\/www.news.veerst.info\/index.php?rest_route=\/wp\/v2\/users\/1"}],"replies":[{"embeddable":true,"href":"https:\/\/www.news.veerst.info\/index.php?rest_route=%2Fwp%2Fv2%2Fcomments&post=284"}],"version-history":[{"count":0,"href":"https:\/\/www.news.veerst.info\/index.php?rest_route=\/wp\/v2\/posts\/284\/revisions"}],"wp:featuredmedia":[{"embeddable":true,"href":"https:\/\/www.news.veerst.info\/index.php?rest_route=\/wp\/v2\/media\/56"}],"wp:attachment":[{"href":"https:\/\/www.news.veerst.info\/index.php?rest_route=%2Fwp%2Fv2%2Fmedia&parent=284"}],"wp:term":[{"taxonomy":"category","embeddable":true,"href":"https:\/\/www.news.veerst.info\/index.php?rest_route=%2Fwp%2Fv2%2Fcategories&post=284"},{"taxonomy":"post_tag","embeddable":true,"href":"https:\/\/www.news.veerst.info\/index.php?rest_route=%2Fwp%2Fv2%2Ftags&post=284"}],"curies":[{"name":"wp","href":"https:\/\/api.w.org\/{rel}","templated":true}]}}