{"id":293,"date":"2010-06-23T22:19:19","date_gmt":"2010-06-23T22:19:19","guid":{"rendered":"https:\/\/www.news.veerst.info\/?p=293"},"modified":"2010-06-23T22:19:19","modified_gmt":"2010-06-23T22:19:19","slug":"sankt-hans-succes","status":"publish","type":"post","link":"https:\/\/www.news.veerst.info\/?p=293","title":{"rendered":"Sankt Hans succes"},"content":{"rendered":"<p><em><img decoding=\"async\" loading=\"lazy\" class=\" size-full wp-image-285\" height=\"651\" width=\"868\" src=\"https:\/\/www.news.veerst.info\/wp-content\/uploads\/2010\/06\/Sankt_Hans_2010_5.jpg\" alt=\"Sankt_Hans_2010_5\" width=\"868\" height=\"651\" srcset=\"https:\/\/www.news.veerst.info\/wp-content\/uploads\/2010\/06\/Sankt_Hans_2010_5.jpg 868w, https:\/\/www.news.veerst.info\/wp-content\/uploads\/2010\/06\/Sankt_Hans_2010_5-300x225.jpg 300w\" sizes=\"(max-width: 868px) 100vw, 868px\" \/><\/em><\/p>\n<p><em>Der k\u00f8res br\u00e6nde til b\u00e5let<\/em><\/p>\n<p><img decoding=\"async\" loading=\"lazy\" class=\" size-full wp-image-286\" height=\"651\" width=\"868\" src=\"https:\/\/www.news.veerst.info\/wp-content\/uploads\/2010\/06\/Sankt_Hans_2010_20.jpg\" alt=\"Sankt_Hans_2010_20\" width=\"868\" height=\"651\" srcset=\"https:\/\/www.news.veerst.info\/wp-content\/uploads\/2010\/06\/Sankt_Hans_2010_20.jpg 868w, https:\/\/www.news.veerst.info\/wp-content\/uploads\/2010\/06\/Sankt_Hans_2010_20-300x225.jpg 300w\" sizes=\"(max-width: 868px) 100vw, 868px\" \/><\/p>\n<p><span style=\"font-size: 12pt;\">Med et bebudet h\u00f8stmarked den 4. september kan man vel godt sige at \u00a0Bylauget allerede &#8220;h\u00f8stede&#8221; en k\u00e6mpe succes med Sankt Hans arrangementet i 2010. Ikke mindre end 90 borgere var m\u00f8dt op til hekseafbr\u00e6nding den 23. juni.<\/span><\/p>\n<p><img decoding=\"async\" loading=\"lazy\" class=\" size-full wp-image-287\" height=\"651\" width=\"868\" src=\"https:\/\/www.news.veerst.info\/wp-content\/uploads\/2010\/06\/Sankt_Hans_2010_10.jpg\" alt=\"Sankt_Hans_2010_10\" width=\"868\" height=\"651\" srcset=\"https:\/\/www.news.veerst.info\/wp-content\/uploads\/2010\/06\/Sankt_Hans_2010_10.jpg 868w, https:\/\/www.news.veerst.info\/wp-content\/uploads\/2010\/06\/Sankt_Hans_2010_10-300x225.jpg 300w\" sizes=\"(max-width: 868px) 100vw, 868px\" \/><\/p>\n<p><em>Det er Dorthe Vestergaard i forgrunden&#8230; og heksen i baggrunden!!!!!<\/em><\/p>\n<p><span style=\"font-size: 12pt;\">P\u00e5 trods af at arrangementet var flyttet til hj\u00f8rnet af Kirkevej\/Jordrupvej var mange m\u00f8dt op for at h\u00f8re de tre annoncerede indl\u00e6g: Bylaugets formand Dorthe Vestergaard b\u00f8d velkommen og talte kort om kommende tiltag i Bylauget. Hun opfordrede blandt andet kraftig til at man m\u00f8der til arbejdsdag i Forsamlingshuset den \u00a021. august (se kalenderen her p\u00e5 siden).<\/span><\/p>\n<p><img decoding=\"async\" loading=\"lazy\" class=\" size-full wp-image-288\" height=\"651\" width=\"868\" src=\"https:\/\/www.news.veerst.info\/wp-content\/uploads\/2010\/06\/Sankt_Hans_2010_13.jpg\" alt=\"Sankt_Hans_2010_13\" width=\"868\" height=\"651\" srcset=\"https:\/\/www.news.veerst.info\/wp-content\/uploads\/2010\/06\/Sankt_Hans_2010_13.jpg 868w, https:\/\/www.news.veerst.info\/wp-content\/uploads\/2010\/06\/Sankt_Hans_2010_13-300x225.jpg 300w\" sizes=\"(max-width: 868px) 100vw, 868px\" \/><\/p>\n<p><span style=\"font-size: 12pt;\">N\u00e6ste taler i r\u00e6kken var Martin M\u00f8hl fra Lokalr\u00e5det, som p\u00e5 s\u00e6dvanlig humoristisk vis, fortalte om Lokalr\u00e5dets arbejde i Veerst Sogn.<\/span><\/p>\n<p><img decoding=\"async\" loading=\"lazy\" class=\" size-full wp-image-289\" height=\"651\" width=\"868\" src=\"https:\/\/www.news.veerst.info\/wp-content\/uploads\/2010\/06\/Sankt_Hans_2010_17.jpg\" alt=\"Sankt_Hans_2010_17\" width=\"868\" height=\"651\" srcset=\"https:\/\/www.news.veerst.info\/wp-content\/uploads\/2010\/06\/Sankt_Hans_2010_17.jpg 868w, https:\/\/www.news.veerst.info\/wp-content\/uploads\/2010\/06\/Sankt_Hans_2010_17-300x225.jpg 300w\" sizes=\"(max-width: 868px) 100vw, 868px\" \/><\/p>\n<p><span style=\"font-size: 12pt;\">Til sidst havde aftenens hovedtaler, Jens Erik Guldbjerg Iversen, et l\u00e6ngere og fyldestg\u00f8rende indl\u00e6g om den kommende lege- og hyggeplads i byen. (Hele planen kan l\u00e6ses andet steds her p\u00e5 veerst.dk)<\/span><\/p>\n<p><img decoding=\"async\" loading=\"lazy\" class=\" size-full wp-image-290\" height=\"651\" width=\"868\" src=\"https:\/\/www.news.veerst.info\/wp-content\/uploads\/2010\/06\/Sankt_Hans_2010_23.jpg\" alt=\"Sankt_Hans_2010_23\" width=\"868\" height=\"651\" srcset=\"https:\/\/www.news.veerst.info\/wp-content\/uploads\/2010\/06\/Sankt_Hans_2010_23.jpg 868w, https:\/\/www.news.veerst.info\/wp-content\/uploads\/2010\/06\/Sankt_Hans_2010_23-300x225.jpg 300w\" sizes=\"(max-width: 868px) 100vw, 868px\" \/><\/p>\n<p><span style=\"font-size: 12pt;\">Efter de tre relevante indl\u00e6g blev b\u00e5let t\u00e6ndt og ikke mindre end to hekse blev sendt af sted til Bloksbjerg samtidig med at b\u00f8rn og andre barnlige sj\u00e6le kunne bage gratis snobr\u00f8d ved et mindre b\u00e5l i den nye hyggepark.<\/span><\/p>\n<p><img decoding=\"async\" loading=\"lazy\" class=\" size-full wp-image-291\" height=\"651\" width=\"868\" src=\"https:\/\/www.news.veerst.info\/wp-content\/uploads\/2010\/06\/Sankt_Hans_2010_28.jpg\" alt=\"Sankt_Hans_2010_28\" width=\"868\" height=\"651\" srcset=\"https:\/\/www.news.veerst.info\/wp-content\/uploads\/2010\/06\/Sankt_Hans_2010_28.jpg 868w, https:\/\/www.news.veerst.info\/wp-content\/uploads\/2010\/06\/Sankt_Hans_2010_28-300x225.jpg 300w\" sizes=\"(max-width: 868px) 100vw, 868px\" \/><\/p>\n<p><span style=\"font-size: 12pt;\">S\u00e5vidt jeres udbr\u00e6ndte skribent erfarede var Bylauget yderst tilfreds med aftenens arrangement og ved selvsyn konstateredes at s\u00e5vel sodavand, \u00f8l samt p\u00f8lser blev udsolgt. \u00a0<\/span><\/p>\n<p><img decoding=\"async\" loading=\"lazy\" class=\" size-full wp-image-292\" height=\"651\" width=\"868\" src=\"https:\/\/www.news.veerst.info\/wp-content\/uploads\/2010\/06\/Sankt_Hans_2010_18.jpg\" alt=\"Sankt_Hans_2010_18\" width=\"868\" height=\"651\" srcset=\"https:\/\/www.news.veerst.info\/wp-content\/uploads\/2010\/06\/Sankt_Hans_2010_18.jpg 868w, https:\/\/www.news.veerst.info\/wp-content\/uploads\/2010\/06\/Sankt_Hans_2010_18-300x225.jpg 300w\" sizes=\"(max-width: 868px) 100vw, 868px\" \/><\/p>\n","protected":false},"excerpt":{"rendered":"<p>Der k\u00f8res br\u00e6nde til b\u00e5let Med et bebudet h\u00f8stmarked den 4. september kan man vel godt sige at \u00a0Bylauget allerede &#8220;h\u00f8stede&#8221; en k\u00e6mpe succes med Sankt Hans arrangementet i 2010. Ikke mindre end 90 borgere var m\u00f8dt op til hekseafbr\u00e6nding&hellip;<\/p>\n<p class=\"more-link-p\"><a class=\"more-link\" href=\"https:\/\/www.news.veerst.info\/?p=293\">Read more &rarr;<\/a><\/p>\n","protected":false},"author":1,"featured_media":285,"comment_status":"open","ping_status":"open","sticky":false,"template":"","format":"standard","meta":[],"categories":[15],"tags":[],"_links":{"self":[{"href":"https:\/\/www.news.veerst.info\/index.php?rest_route=\/wp\/v2\/posts\/293"}],"collection":[{"href":"https:\/\/www.news.veerst.info\/index.php?rest_route=\/wp\/v2\/posts"}],"about":[{"href":"https:\/\/www.news.veerst.info\/index.php?rest_route=\/wp\/v2\/types\/post"}],"author":[{"embeddable":true,"href":"https:\/\/www.news.veerst.info\/index.php?rest_route=\/wp\/v2\/users\/1"}],"replies":[{"embeddable":true,"href":"https:\/\/www.news.veerst.info\/index.php?rest_route=%2Fwp%2Fv2%2Fcomments&post=293"}],"version-history":[{"count":0,"href":"https:\/\/www.news.veerst.info\/index.php?rest_route=\/wp\/v2\/posts\/293\/revisions"}],"wp:featuredmedia":[{"embeddable":true,"href":"https:\/\/www.news.veerst.info\/index.php?rest_route=\/wp\/v2\/media\/285"}],"wp:attachment":[{"href":"https:\/\/www.news.veerst.info\/index.php?rest_route=%2Fwp%2Fv2%2Fmedia&parent=293"}],"wp:term":[{"taxonomy":"category","embeddable":true,"href":"https:\/\/www.news.veerst.info\/index.php?rest_route=%2Fwp%2Fv2%2Fcategories&post=293"},{"taxonomy":"post_tag","embeddable":true,"href":"https:\/\/www.news.veerst.info\/index.php?rest_route=%2Fwp%2Fv2%2Ftags&post=293"}],"curies":[{"name":"wp","href":"https:\/\/api.w.org\/{rel}","templated":true}]}}