{"id":298,"date":"2010-08-10T22:33:47","date_gmt":"2010-08-10T22:33:47","guid":{"rendered":"https:\/\/www.news.veerst.info\/?p=298"},"modified":"2010-08-10T22:33:47","modified_gmt":"2010-08-10T22:33:47","slug":"undskyld-vi-roder-med-hjemmesiden","status":"publish","type":"post","link":"https:\/\/www.news.veerst.info\/?p=298","title":{"rendered":"Nyt layout p\u00e5 hjemmesiden &#8211; n\u00e6sten f\u00e6rdigt"},"content":{"rendered":"<p>Nu er det nye layout ved at v\u00e6re p\u00e5 plads, men der kan stadig forekomme fejl og funktioner som ikke virker helt. Men efterh\u00e5nden, vil disse mindre ting ogs\u00e5 blive l\u00f8st.<\/p>\n<p>En overgang, under oml\u00e6gningen, blev kalenderbegivenhederne fra klik p\u00e5 &#8220;DET SKER&#8221; vist helt nede af siden.\u00a0 P\u00e5 et andet tidspunkt kunne man ikke finde hverken blogindl\u00e6g eller kommentarene dertil. Det sidste viste sig at v\u00e6re en php-koden til lyften bloggie modulet. Noget med et funktionskald, der henviste til en forkert objekt-funktion osv.<\/p>\n<p>Men nu h\u00e5ber systemadministratoren og redakt\u00f8re, at det nye layout vil blive til gavn for alle brugere af Veerst.dk. Der er flere tekniske muligheder i den nye og mere avancerede skabelon. Menusystemet er mere avanceret og efterh\u00e5nden som vi f\u00e5r id\u00e9erne, vil vi forh\u00e5bentlig kunne g\u00f8re Veerst.dk lettere at finde rundt p\u00e5 og orientere sig i.<\/p>\n<p>Men skrifttypen og hele typografien i den nye skabelon er ogs\u00e5 mere l\u00e6sevenlig og moderne. Det fremmer forh\u00e5bentligt det \u00e6stetiske udtryk. Men da webmasteren har det lidt vanskeligt med farver, vil forslag til farves\u00e6tning fra brugerne blive gransket ganske n\u00f8je. Skriv gerne nogle kommentarer i facebook-kommentar-boksen, her nedenfor!<\/p>\n<h3>M\u00e5ske vil flere skrive noget eller vise nogle videoer<br \/><\/h3>\n<p>Med det nye layout og ikke mindst den bedre indretning af bloggen, h\u00e5ber vi nu, at flere brugere af Veerst.dk vil begynde at skrive noget. Bem\u00e6rk venligst f\u00f8lgende muligheder:<\/p>\n<ul>\n<li>Registrerede brugere kan umidddelbart skrive i bloggen &#8212; og skrive kommentarer<\/li>\n<li>Registrerede brugere kan umiddelbart uploade \/ inds\u00e6tte videoer<\/li>\n<li>Med en facebook-profil kan man skrive kommentarer<\/li>\n<li>Registrerede brugere kan anmode om at f\u00e5 rettigheder til at skrive som journalist (fra annoncer til egentlige nyheder)<\/li>\n<\/ul>\n<p> Det hele kan g\u00f8res fra forsiden, s\u00e5 det er ikke l\u00e6ngere s\u00e5 teknisk at f\u00e5 udgivet noget. Men i\u00f8vrigt modtager vi gerne henvendelser om l\u00f8st og fast, som man gerne vil have d\u00e6kket. <\/p>\n<p>\u00a0<\/p>\n<p><img decoding=\"async\" loading=\"lazy\" class=\" size-full wp-image-297\" alt=\"cherry\" src=\"https:\/\/www.news.veerst.info\/wp-content\/uploads\/2010\/08\/cherry.jpg\" width=\"150\" height=\"112\" width=\"150\" height=\"112\" \/><\/p>\n<p>Mnage venlige hilsen<\/p>\n<p>Sys. administratoren \/ Webmaster \/ Redakt\u00f8r<\/p>\n<p>f \/ Veerst.dk teamet<\/p>\n","protected":false},"excerpt":{"rendered":"<p>Nu er det nye layout ved at v\u00e6re p\u00e5 plads, men der kan stadig forekomme fejl og funktioner som ikke virker helt. Men efterh\u00e5nden, vil disse mindre ting ogs\u00e5 blive l\u00f8st. En overgang, under oml\u00e6gningen, blev kalenderbegivenhederne fra klik p\u00e5&hellip;<\/p>\n<p class=\"more-link-p\"><a class=\"more-link\" href=\"https:\/\/www.news.veerst.info\/?p=298\">Read more &rarr;<\/a><\/p>\n","protected":false},"author":1,"featured_media":297,"comment_status":"open","ping_status":"open","sticky":false,"template":"","format":"standard","meta":[],"categories":[47],"tags":[],"_links":{"self":[{"href":"https:\/\/www.news.veerst.info\/index.php?rest_route=\/wp\/v2\/posts\/298"}],"collection":[{"href":"https:\/\/www.news.veerst.info\/index.php?rest_route=\/wp\/v2\/posts"}],"about":[{"href":"https:\/\/www.news.veerst.info\/index.php?rest_route=\/wp\/v2\/types\/post"}],"author":[{"embeddable":true,"href":"https:\/\/www.news.veerst.info\/index.php?rest_route=\/wp\/v2\/users\/1"}],"replies":[{"embeddable":true,"href":"https:\/\/www.news.veerst.info\/index.php?rest_route=%2Fwp%2Fv2%2Fcomments&post=298"}],"version-history":[{"count":0,"href":"https:\/\/www.news.veerst.info\/index.php?rest_route=\/wp\/v2\/posts\/298\/revisions"}],"wp:featuredmedia":[{"embeddable":true,"href":"https:\/\/www.news.veerst.info\/index.php?rest_route=\/wp\/v2\/media\/297"}],"wp:attachment":[{"href":"https:\/\/www.news.veerst.info\/index.php?rest_route=%2Fwp%2Fv2%2Fmedia&parent=298"}],"wp:term":[{"taxonomy":"category","embeddable":true,"href":"https:\/\/www.news.veerst.info\/index.php?rest_route=%2Fwp%2Fv2%2Fcategories&post=298"},{"taxonomy":"post_tag","embeddable":true,"href":"https:\/\/www.news.veerst.info\/index.php?rest_route=%2Fwp%2Fv2%2Ftags&post=298"}],"curies":[{"name":"wp","href":"https:\/\/api.w.org\/{rel}","templated":true}]}}