{"id":30,"date":"2009-05-09T22:30:20","date_gmt":"2009-05-09T22:30:20","guid":{"rendered":"https:\/\/www.news.veerst.info\/?p=30"},"modified":"2009-05-09T22:30:20","modified_gmt":"2009-05-09T22:30:20","slug":"alle-mand-af-huse-i-veerst-faelles-morgenmad-film-og-udviklingsplan-for-veerst","status":"publish","type":"post","link":"https:\/\/www.news.veerst.info\/?p=30","title":{"rendered":"Alle mand af huse i Veerst &#8211; f\u00e6lles morgenmad, film og udviklingsplan for Veerst"},"content":{"rendered":"<p>Pinsel\u00f8rdag kl 9:30 m\u00f8des borgerne i Veerst til <strong>Borgerm\u00f8de <\/strong>med f\u00e6lles morgenmad. Bylauget iniviterer.<\/p>\n<h3>Film og byudvikling<br \/><\/h3>\n<p>Udviklingen st\u00e5r ikke stille. Det g\u00f8r vi heller ikke i Veerst. For mange \u00e5r siden blev der s\u00e5ledes produceret nogle film om Veerst, men nu er det p\u00e5 tide at producere en ny, s\u00e5 vi kan vise hvem vi er. De \u00f8vrige 20 landsbyer med lokalr\u00e5d i Vejen kommune er ogs\u00e5 g\u00e5et i gang med at skabe en film om deres s\u00e6rkende. Den lokale aktionsgruppe i Vejen har nemlig bevilget penge til <a href=\"http:\/\/www.lag-vejen.dk\/projekter\/projekt-udviklingsplaner-og-synligg%C3%B8relse\/\">et projekt om synligg\u00f8relse og udviklingsplanl\u00e6gning<\/a> i hver af de 21 landsbyer med lokalr\u00e5d i Vejen kommune. Filmen handler derfor om synlighed og identitet, men samtidigt vil det jo v\u00e6re s\u00e5dan, at skabelsen af s\u00e5dan en film, kommer hurtigt  til at handle om, hvordan vi anskuer vores by i et udviklingsperspektiv.<\/p>\n<p><img decoding=\"async\" loading=\"lazy\" class=\" size-full wp-image-29\" alt=\"springvand_veerst1\" src=\"https:\/\/www.news.veerst.info\/wp-content\/uploads\/2009\/05\/springvand_veerst1.jpg\" width=\"467\" height=\"311\" width=\"467\" height=\"311\" \/><\/p>\n<p>Bylauget vil derfor pr\u00e6ssentere sit opl\u00e6g og manuskript for denne kommende informationsfilm om Veerst p\u00e5 borgerm\u00f8det den 30. maj. Filmen skal f\u00e6rdigproduceres af TV-produceren Jeppe S\u00f8e, som vil foretage optagelserne i Juni m\u00e5ned.  Men rollerne skal jo bes\u00e6ttes med borgere fra Veerst f\u00f8r det professionelle TV-hold kan skyde optagelserne. S\u00e5 bylauget opfordrer indg\u00e5ende borgerne i Veerst til at v\u00e6re beredte p\u00e5 at spille en rolle i filmen i juni m\u00e5ned. Derfor er det er nok mest praktisk, hvis alle m\u00f8der frem til borgerm\u00f8det! Vi vil samtidigt gerne vise, hvor vigtig s\u00e5dan en medvirken kan blive, ved at vise de gamle film om Veerst frem, hvis vi kan finde dem.<\/p>\n<p>Vi skal naturligvis ikke lave en reklamefilm for Veerst, der ligner nedenst\u00e5ende film fra Hovborg. Vi er jo anderledes i Veerst, s\u00e5 den kan vi ikke bare efterligne, men den er trods alt et eksempel p\u00e5 en reklamefilm om en landsby af samme st\u00f8rrelse som Veerst.<\/p>\n<p> <object data=\"http:\/\/www.youtube.com\/v\/-uoGH-tb3CI&amp;hl=en&amp;fs=1&amp;rel=0&amp;hd=1&amp;border=1\" type=\"application\/x-shockwave-flash\" height=\"364\" width=\"445\"><param name=\"allowfullscreen\" value=\"true\" \/><param name=\"allowscriptaccess\" value=\"always\" \/><param name=\"src\" value=\"http:\/\/www.youtube.com\/v\/-uoGH-tb3CI&amp;hl=en&amp;fs=1&amp;rel=0&amp;hd=1&amp;border=1\" \/><\/object> <\/p>\n<p>I bylauget er vi overbevist om, at Veerst skal sl\u00e5 p\u00e5 noget andet og fort\u00e6lle en anderledes historie. Men vi er ogs\u00e5 overbviste om, at filmopgaven vil s\u00e6tte mange tanker i gang. N\u00e5r man skal t\u00e6nke i billeder, opst\u00e5r s\u00e6rlige associationer, som m\u00e5ske b\u00e5de er kreative og vision\u00e6rer. I hvertfald b\u00f8r skabelsen af en kort 3 minutters informationsfilm om Veerst f\u00e5 os til at t\u00e6nke n\u00e6mere over f\u00f8lgende sp\u00f8rgsm\u00e5l:<\/p>\n<ul>\n<li>Hvem er vi? Hvad v\u00e6rds\u00e6tter vi? Hvad vil vi gerne blive til? Hvilken fortid og fremtid?<\/li>\n<li>Hvilke tanker om fremtiden &#8211; fremtidsbilleder?<\/li>\n<li>Med hvem og hvordan vil vi opn\u00e5 det \u00f8nske?<\/li>\n<\/ul>\n<p>N\u00e5 vi fors\u00f8ger at svare p\u00e5 disse sp\u00f8rgsm\u00e5l i billeder &#8211; en collage af filmbilleder &#8211; s\u00e5 taler vi sikkert til b\u00e5de f\u00f8lelser og fornuft. Derfor er en film et rigtig godt udgangspunkt for at starte en strategiproces, for en god strategi er en fornuftig strategi, som man f\u00f8ler for helt ned i maven. Derfor vil bylauget gerne tage hul p\u00e5 udviklingsplanl\u00e6gningen den 30. maj. Konkret starter vi i hvertfald med at se p\u00e5, hvordan filmen kan blive en realitet inden s\u00e5 l\u00e6nge.<\/p>\n<h3>Udviklinsgplaner &#8211; strategi for Veerst<\/h3>\n<p>Den lokale aktionsgruppe i Vejen (se ovenfor) og <a href=\"http:\/\/www.vejenland.dk\/\">F\u00e6llesr\u00e5det for landsbyer i Vejen kommune<\/a> \u00f8nsker, at det f\u00f8rn\u00e6vnte projekt om synligg\u00f8relse og udviklingsplaner f\u00f8rer til, at hver landsby i kommunen ender med en samlet udviklingsplan. Dels vil man gerne se, at hver landsby f\u00e5r del i den fremtidige udvikling. Udviklingsplanerne skal i s\u00e6rlig grad hj\u00e6lpe den enkelte landsby til at s\u00f8ge penge mm. til sine forskellige projekter. Dels vil man gerne se, at hver landsby fremover kan bruge sine udviklingsplaner til en bedre kontakt med kommunen og f\u00e5 sin udviklingsplan ind i den samlede kommuneplanl\u00e6gning.<\/p>\n<p>Mange landsbyer begynder da ogs\u00e5 at indse nytten ved at arbejde aktivt med deres strategiske udvikling. Se evt. dette <a href=\"http:\/\/nyhederne.tv2.dk\/video\/index.php\/nodeId-21415886.html\">indslag fra TV2 om udviklingen i Vodder Sogn<\/a> i S\u00f8nderjylland. Se et <a href=\"http:\/\/hovborg.net\/wp-content\/uploads\/hovborg-udviklingsplan-2009-2013.doc\">eksempel p\u00e5 en udviklingsplan her<\/a>. Bed\u00f8m selv om Vodder Sogn eller Hovborg er de rene fantaster med store f\u00f8lelser for deres strategi, eller om de har skabt en fornuftig udviklingsplan (strategi), som de f\u00f8ler st\u00e6rkt for.<\/p>\n<p>I Veerst skal vi derfor bruge den f\u00e6lles morgenmad den 30. maj til at lufte muligheden for at skabe en fornuftig men st\u00e6rkt angagerende udviklingsplan for fremtiden i Veerst.<\/p>\n","protected":false},"excerpt":{"rendered":"<p>Pinsel\u00f8rdag kl 9:30 m\u00f8des borgerne i Veerst til Borgerm\u00f8de med f\u00e6lles morgenmad. Bylauget iniviterer. Film og byudvikling Udviklingen st\u00e5r ikke stille. Det g\u00f8r vi heller ikke i Veerst. For mange \u00e5r siden blev der s\u00e5ledes produceret nogle film om Veerst,&hellip;<\/p>\n<p class=\"more-link-p\"><a class=\"more-link\" href=\"https:\/\/www.news.veerst.info\/?p=30\">Read more &rarr;<\/a><\/p>\n","protected":false},"author":1,"featured_media":29,"comment_status":"open","ping_status":"open","sticky":false,"template":"","format":"standard","meta":[],"categories":[17],"tags":[],"_links":{"self":[{"href":"https:\/\/www.news.veerst.info\/index.php?rest_route=\/wp\/v2\/posts\/30"}],"collection":[{"href":"https:\/\/www.news.veerst.info\/index.php?rest_route=\/wp\/v2\/posts"}],"about":[{"href":"https:\/\/www.news.veerst.info\/index.php?rest_route=\/wp\/v2\/types\/post"}],"author":[{"embeddable":true,"href":"https:\/\/www.news.veerst.info\/index.php?rest_route=\/wp\/v2\/users\/1"}],"replies":[{"embeddable":true,"href":"https:\/\/www.news.veerst.info\/index.php?rest_route=%2Fwp%2Fv2%2Fcomments&post=30"}],"version-history":[{"count":0,"href":"https:\/\/www.news.veerst.info\/index.php?rest_route=\/wp\/v2\/posts\/30\/revisions"}],"wp:featuredmedia":[{"embeddable":true,"href":"https:\/\/www.news.veerst.info\/index.php?rest_route=\/wp\/v2\/media\/29"}],"wp:attachment":[{"href":"https:\/\/www.news.veerst.info\/index.php?rest_route=%2Fwp%2Fv2%2Fmedia&parent=30"}],"wp:term":[{"taxonomy":"category","embeddable":true,"href":"https:\/\/www.news.veerst.info\/index.php?rest_route=%2Fwp%2Fv2%2Fcategories&post=30"},{"taxonomy":"post_tag","embeddable":true,"href":"https:\/\/www.news.veerst.info\/index.php?rest_route=%2Fwp%2Fv2%2Ftags&post=30"}],"curies":[{"name":"wp","href":"https:\/\/api.w.org\/{rel}","templated":true}]}}