{"id":312,"date":"2010-09-08T09:02:41","date_gmt":"2010-09-08T09:02:41","guid":{"rendered":"https:\/\/www.news.veerst.info\/?p=312"},"modified":"2015-03-01T15:40:17","modified_gmt":"2015-03-01T15:40:17","slug":"har-du-en-web-journalist-eller-skribent-i-maven","status":"publish","type":"post","link":"https:\/\/www.news.veerst.info\/?p=312","title":{"rendered":"Har du en Web-journalist eller Skribent i maven?"},"content":{"rendered":"<p>Vi har brug for jer i det frivillige projekt: Veerst.dk. Der sker en del i Veerst sogn som desv\u00e6rre ikke bliver d\u00e6kket godt nok. Der er nye projekter, i Veerst sogn, som kan f\u00e5 gavn af en bedre formidling. Annonceringer af begivenheder er ikke altid god nok og kalenderen kunne blive mere komplet. Kort sagt: Der er brug for, at flere vil br\u00e6nde for at hj\u00e6lpe de andre med at bruge mediet og webavisen Veerst.dk til f\u00e6lles gavn.<\/p>\n<p>Udviklingen st\u00e5r ikke stille i Veerst. LAG-Vejen og F\u00e6llesr\u00e5det for landsbyer i Vejen kommune startede dette projekt op i 2009, som endte med at blive til Webavisen: &#8220;Veerst.dk&#8221;. De \u00f8vrige landsbyer i Vejen kommune har ogs\u00e5 hjemmesider. Hjemmesiden Veerst.dk anses for en af de bedre. Vi modtager ros og beundring udefra, men vi er ikke den eneste landsby i Kommunen, der har en rosv\u00e6rdig hjemmeside. Landsbyerne er lidt i positiv konkurrence med hinanden &#8211; ogs\u00e5 p\u00e5 den front. Vil du v\u00e6re med til at forts\u00e6tte og udbygge dette projekt? T\u00f8v ikke med at maile os p\u00e5: <a href=\"mailto:veerst@yahoo.dk\">veerst@yahoo.dk<\/a><\/p>\n<h3>Du vil medvirke til at synligg\u00f8re Veerst sogn som et levende og viljest\u00e6rkt samfund<br \/><\/h3>\n<p>Jo flere vi bliver, der vil ops\u00f8ge nyhedshistorier med relevans for Veerst og omegn og den udvikling der sker i sognet og formidle dem i artikler, fotos og videoer, jo sjovere og bedre bliver Veerst.dk for os alle. Det er med til at synligg\u00f8re Veerst sogn for omverdenen som et landsbysamfund, hvor der sker meget, hvor borgere og ildsj\u00e6le tager fat i problemstillingerne. At man ikke bare sidder og venter p\u00e5 at udviklingen k\u00f8rer forbi osv. Det er ogs\u00e5 medvirkende til at andre borgere i Veerst sogn f\u00e5r inspiration og viden om, hvad der sker, hvilke virksomheder der h\u00f8rer hjemme i Veerst, hvad foreningerne arbejder med, hvilke id\u00e9er andre har i sognet og hvem der m\u00e5ske kunne finde sammen om noget sp\u00e6ndende eller dele f\u00e6lles interesser. Hele denne synligg\u00f8relse og deling af viden var meningen med LAG-vejen og F\u00e6llesr\u00e5dets projekt.<\/p>\n<h3>Du kan hj\u00e6lpe ved at udforske det, som du br\u00e6nder for!<br \/><\/h3>\n<p>Vi kan garrantere muligheden for masser af h\u00e5rdt ops\u00f8gende og slidsomt frivilligt arbejde! Men du bestemmer helt selv, hvor meget du vil. Du bestemmer helt og holdent selv, hvad du vil d\u00e6kke og ops\u00f8ge, hvorn\u00e5r du vil g\u00f8re det, og hvem du vil hj\u00e6lpe i Veerst og omegn og med hvad. Det samme g\u00f8r alle de andre. Enhver borger i Veerst kan selv udgive artikler og videoer. Men det er ikke alle der umiddelbart kan g\u00e5 til computren og f\u00e5 det ud p\u00e5 webavisen. S\u00e5 der er brug for nogen, der kan tr\u00e6de til og hj\u00e6lpe. Det foreg\u00e5r naturligvis alt sammen under almindeligt ansvar for rigtighed og rimelig presseskik. Der er helt og holdent tale om 100% frivilligt arbejde ud fra missionen og visionen for Veerst.dk. Du kan se mere om mission og vision for Veerst.dk\u00a0<a href=\"https:\/\/www.news.veerst.info\/?p=5\"> her<\/a>.<\/p>\n<p>Kritisk journalistik hilses naturligvis ogs\u00e5 velkommen. &#8220;Verdens s\u00f8deste naboer&#8221; er ikke bare er et pjattet begreb. Dt kan danne en vinkel, som du kan v\u00e6lge at anl\u00e6ge p\u00e5 de historier, som du selv v\u00e6lger at tage op til behandling og formidling. Naboskabet, det at v\u00e6re borger i sognet, set overfor samfundsudviklingen omkring os, giver faktisk nogle interessante og anderledes perspektiver p\u00e5 mange nyheder.<\/p>\n<h3>Vi bruger hele registret &#8211; du f\u00e5r alle muligeder, ogs\u00e5 TV p\u00e5 Profiber<br \/><\/h3>\n<p>Vi arbejder b\u00e5de med artikler, foto og video. Simon Simonsen ved Vejen kommune har for nylig meddelt os, at vi snarligt skal kobles sammen med TV-portalen\/boksene i Profiber. Webmaster og systemadministrator har nu udviklet systemet p\u00e5 Veerst.dk s\u00e5dan, at det er let og enkelt at redigere artikler og uploade videoer fra frontenden. Billeder omdannes automatisk til thumbnails osv. Alle artiker passerer selv ind over forsiden og fortr\u00e6nges l\u00f8bende af de nyeste artikler. Det samme sker med videoer og annoncer. Det er meget enkelt og ligetil at fylde indhold p\u00e5, men det skal jo ops\u00f8ges. Vi har haft et debatforum installeret, men debatten kom aldrig rigtig igang. S\u00e5 det er stillet i bero. Men hvis du har mod p\u00e5 at vedligeholde et fora, som udveksler brugerinformation med websitet, s\u00e5 er scenen din. Til geng\u00e6ld har vi nu en blog, som alle registrerede brugere af Veerst.dk kan skrive i. Her kan der skabes debat, hvis man \u00f8nsker det. Desuden er Veerst.dk bundet sammen med Facebook, hvor vi ogs\u00e5 har fangrupper. Det betyder, at l\u00e6serne kan sende kommentarer direkte ind p\u00e5 deres Facebook v\u00e6g mm.<\/p>\n<p>N\u00e5r Trefiber\/Profiber er klar med deres nye indholdsleverand\u00f8r er det s\u00e5ledes fastlagt, at Veerst.dk skal f\u00f8de indhold ind p\u00e5 TV-portalen for Veerst. Hele denne id\u00e9 og konceptet bag er udviklet i <a target=\"_blank\" href=\"http:\/\/www.lintrup.dk\/\">Lintrup<\/a>, sammen med Sydenergi, men nu skal muligheden bredes ud til alle vi andre. I praksis forventes det, at TV-seere med fiberabonnement vil f\u00e5 adgang til at l\u00e6se nyhedsoverskrifter, kalender mm. direkte p\u00e5 deres TV, via set-top-boksen, g\u00e6ldende for det sogn, som de bor i. Vejen kommune har senest meddelt, at der arbejdes p\u00e5 h\u00f8jtryk med sagen, men det n\u00f8jagtige tidspunkt er endnu ikke kendt.<\/p>\n<p>Henvend dig til webmasteren for Veerst.dk p\u00e5 <a href=\"mailto:veerst@yahoo.dk\">veerst@yahoo.dk<\/a><\/p>\n<h3>Vi kan bruge flere forskellige personer i projektet<br \/><\/h3>\n<p>Projektet Veerst.dk kan bruge mange forskellige web-journalister, skribenter, fotografer, forfattere mm. Vi kan ogs\u00e5 godt bruge meget IT-kyndige til at hj\u00e6lpe, s\u00e5 flere personer efterh\u00e5nden kan l\u00f8fte webmaster opgaven ud over den nuv\u00e6rende form\u00e5en. Men vi kan sagtens bruge dig i projektet, selvom du ikke har nogen s\u00e6rlig teknisk indsigt. Det er indhold til hjemmesiden og hj\u00e6lpen til andre i deres formidling, der tr\u00e6nger sig mest p\u00e5. Projektet har i s\u00e6rlig grad brug for folk med en journalist i maven, som kan lide at fotografere eller videofilme eller skrive, s\u00e5dan mere generelt.<\/p>\n<p><img decoding=\"async\" loading=\"lazy\" class=\" size-full wp-image-311\" alt=\"luke_007c2_Maggie_Smith\" src=\"https:\/\/www.news.veerst.info\/wp-content\/uploads\/2010\/09\/luke_007c2_Maggie_Smith.jpg\" width=\"458\" height=\"480\" width=\"458\" height=\"480\" srcset=\"https:\/\/www.news.veerst.info\/wp-content\/uploads\/2010\/09\/luke_007c2_Maggie_Smith.jpg 458w, https:\/\/www.news.veerst.info\/wp-content\/uploads\/2010\/09\/luke_007c2_Maggie_Smith-286x300.jpg 286w\" sizes=\"(max-width: 458px) 100vw, 458px\" \/><\/p>\n<p>Foto: <a href=\"http:\/\/www.freedigitalphotos.net\/images\/view_photog.php?photogid=172\">Image: Maggie Smith \/ FreeDigitalPhotos.net<\/a><\/p>\n","protected":false},"excerpt":{"rendered":"<p>Vi har brug for jer i det frivillige projekt: Veerst.dk. Der sker en del i Veerst sogn som desv\u00e6rre ikke bliver d\u00e6kket godt nok. Der er nye projekter, i Veerst sogn, som kan f\u00e5 gavn af en bedre formidling. Annonceringer&hellip;<\/p>\n<p class=\"more-link-p\"><a class=\"more-link\" href=\"https:\/\/www.news.veerst.info\/?p=312\">Read more &rarr;<\/a><\/p>\n","protected":false},"author":1,"featured_media":311,"comment_status":"open","ping_status":"open","sticky":false,"template":"","format":"standard","meta":[],"categories":[37],"tags":[],"_links":{"self":[{"href":"https:\/\/www.news.veerst.info\/index.php?rest_route=\/wp\/v2\/posts\/312"}],"collection":[{"href":"https:\/\/www.news.veerst.info\/index.php?rest_route=\/wp\/v2\/posts"}],"about":[{"href":"https:\/\/www.news.veerst.info\/index.php?rest_route=\/wp\/v2\/types\/post"}],"author":[{"embeddable":true,"href":"https:\/\/www.news.veerst.info\/index.php?rest_route=\/wp\/v2\/users\/1"}],"replies":[{"embeddable":true,"href":"https:\/\/www.news.veerst.info\/index.php?rest_route=%2Fwp%2Fv2%2Fcomments&post=312"}],"version-history":[{"count":1,"href":"https:\/\/www.news.veerst.info\/index.php?rest_route=\/wp\/v2\/posts\/312\/revisions"}],"predecessor-version":[{"id":395,"href":"https:\/\/www.news.veerst.info\/index.php?rest_route=\/wp\/v2\/posts\/312\/revisions\/395"}],"wp:featuredmedia":[{"embeddable":true,"href":"https:\/\/www.news.veerst.info\/index.php?rest_route=\/wp\/v2\/media\/311"}],"wp:attachment":[{"href":"https:\/\/www.news.veerst.info\/index.php?rest_route=%2Fwp%2Fv2%2Fmedia&parent=312"}],"wp:term":[{"taxonomy":"category","embeddable":true,"href":"https:\/\/www.news.veerst.info\/index.php?rest_route=%2Fwp%2Fv2%2Fcategories&post=312"},{"taxonomy":"post_tag","embeddable":true,"href":"https:\/\/www.news.veerst.info\/index.php?rest_route=%2Fwp%2Fv2%2Ftags&post=312"}],"curies":[{"name":"wp","href":"https:\/\/api.w.org\/{rel}","templated":true}]}}