{"id":314,"date":"2010-09-09T19:12:01","date_gmt":"2010-09-09T19:12:01","guid":{"rendered":"https:\/\/www.news.veerst.info\/?p=314"},"modified":"2010-09-09T19:12:01","modified_gmt":"2010-09-09T19:12:01","slug":"naboerne-fra-varregaardsvej-fik-udviklet-flere-ideer-til-legepladsen","status":"publish","type":"post","link":"https:\/\/www.news.veerst.info\/?p=314","title":{"rendered":"Naboerne fra Varregaardsvej kom med en legeplads og gik med Central Park"},"content":{"rendered":"<p>De &#8220;fire naboer fra Varregaardsvej&#8221; kalder projektgruppen sig, som st\u00e5r bag id\u00e9en om, at vi skal have nye legeplads p\u00e5 hj\u00f8rnet af Kronborgvej, Kirkevej og Jordrupvej. Gruppen fremlagde projektplanerne for de fremm\u00f8dte tilh\u00f8rere i forsamlingshuset torsdag aften. Kort tid efter var gruppen i realiteten udvidet\u00a0 og udstyret med mange nye id\u00e9er. Den gennemarbejdede vision om en legeplads blev til id\u00e9er, der tangerer id\u00e9en om Central Park i midten af Veerst. Alt sammen centreret om en ny, men anderledes legeplads.<\/p>\n<p>Jacob og Jens Erik kunne berette, at de faktisk havde sneget sig til at lege p\u00e5 en legeplads i B\u00e6kke, for at pr\u00f8ve, hvordan en bestemt tr\u00e6sort ville f\u00f8les, hvis man var et legende barn. P\u00e5 en legeplads i Lindknud havde de pr\u00f8vet at drikke kaffe ved bordene for at afpr\u00f8ve, hvordan tr\u00e6sorten ville f\u00f8les hvis man er voksen. Der er fortsat mange udest\u00e5ende sp\u00f8rgsm\u00e5l, men hvis projektet om en legeplads kan realiseres med frivilligt bidrag af arbejdskraft og frivilligt bidrag fra omegnens entrepren\u00f8rer, kan finansieringsbehovet m\u00e5ske komme\u00a0 helt ned under kr. 200.000. Men et &#8220;Delprojekt 2&#8221; til supplering af legepladsen med en tr\u00e6ningspavillon for b\u00e5de voksne, unge og\u00a0 b\u00f8rn blev anledning til, at informationsm\u00f8det kom til at handle om mange flere ting end \u00f8konomien i projektet.<\/p>\n<p><img decoding=\"async\" loading=\"lazy\" class=\" size-full wp-image-313\" alt=\"Central Park NY\" src=\"https:\/\/www.news.veerst.info\/wp-content\/uploads\/2010\/09\/fall_colors_walk_2.jpg\" width=\"640\" height=\"480\" width=\"640\" height=\"480\" srcset=\"https:\/\/www.news.veerst.info\/wp-content\/uploads\/2010\/09\/fall_colors_walk_2.jpg 640w, https:\/\/www.news.veerst.info\/wp-content\/uploads\/2010\/09\/fall_colors_walk_2-300x225.jpg 300w\" sizes=\"(max-width: 640px) 100vw, 640px\" \/><\/p>\n<p>Foto: Fall Colors Central Park Literary Walk.<\/p>\n<h3>Samlingssted a la &#8220;Central Park&#8221; midt i byen for samv\u00e6r, legeb\u00f8rn og sundhed<\/h3>\n<p>Idr\u00e6tsforeningen var godt repr\u00e6senteret blandt tilh\u00f8rene og id\u00e9en om en tr\u00e6ningspavillon i tilknytning til legepladsen fik de kreative tanker til at blomstre rigtig meget i hele forsamlingen. Der blev s\u00e5ledes talt om b\u00e5de \u00e6stetisk materialevalg og muligheden for at legeb\u00f8rn i alle aldre kunne komme til at m\u00f8de basket ball spillere, motionister og livsnydere, som kunne bruge stedets grill og borde i \u00e6stetiske tr\u00e6sorter. Kort sagt blev der n\u00e6vnt s\u00e5 mange andre gode aktiviteter, som stedet ville kunne bruges til efter en modernisering, at visionen om at skabe et Central Park i Veerst kom til at optage tankerne hos de fremm\u00f8dte p\u00e5 en del af m\u00f8det. Central Park er ber\u00f8mt for de mange forskelligheder der m\u00f8des i en og samme park, herunder legeb\u00f8rn og motionister i alle aldre. Naturligvis er Veerst ikke New York og vice versa, men trangen til og \u00f8nsket om, at skabe et sted for samv\u00e6r, motion og leg midt i byen kom meget til udtryk p\u00e5 m\u00f8det.<\/p>\n<h3>Flere personer blev involveret i projektets fremtid<\/h3>\n<p>Informationsm\u00f8det sluttede med, at flere af de fremm\u00f8dte p\u00e5tog sig nogle konkrete opgaver for projektet. Finansieringen bliver nu unders\u00f8gt n\u00e6rmere, foreningerne og andre drages t\u00e6ttere ind i samarbejdet, hvor lokalr\u00e5det nok bliver en central og samlende kraft. Tr\u00e6ningspavillon og basket ball m\u00e5l har naturligvis idr\u00e6tsforeningens store interesse, mens dagplejerne og for\u00e6ldre naturligvis har interesse i pladsen som legeplads. Kr\u00e6fterne samles nu for at komme n\u00e6rmere til en virkeligg\u00f8relse af den sp\u00e6ndende vision.<\/p>\n<p><\/p>\n","protected":false},"excerpt":{"rendered":"<p>De &#8220;fire naboer fra Varregaardsvej&#8221; kalder projektgruppen sig, som st\u00e5r bag id\u00e9en om, at vi skal have nye legeplads p\u00e5 hj\u00f8rnet af Kronborgvej, Kirkevej og Jordrupvej. Gruppen fremlagde projektplanerne for de fremm\u00f8dte tilh\u00f8rere i forsamlingshuset torsdag aften. Kort tid efter&hellip;<\/p>\n<p class=\"more-link-p\"><a class=\"more-link\" href=\"https:\/\/www.news.veerst.info\/?p=314\">Read more &rarr;<\/a><\/p>\n","protected":false},"author":1,"featured_media":313,"comment_status":"open","ping_status":"open","sticky":false,"template":"","format":"standard","meta":[],"categories":[46],"tags":[],"_links":{"self":[{"href":"https:\/\/www.news.veerst.info\/index.php?rest_route=\/wp\/v2\/posts\/314"}],"collection":[{"href":"https:\/\/www.news.veerst.info\/index.php?rest_route=\/wp\/v2\/posts"}],"about":[{"href":"https:\/\/www.news.veerst.info\/index.php?rest_route=\/wp\/v2\/types\/post"}],"author":[{"embeddable":true,"href":"https:\/\/www.news.veerst.info\/index.php?rest_route=\/wp\/v2\/users\/1"}],"replies":[{"embeddable":true,"href":"https:\/\/www.news.veerst.info\/index.php?rest_route=%2Fwp%2Fv2%2Fcomments&post=314"}],"version-history":[{"count":0,"href":"https:\/\/www.news.veerst.info\/index.php?rest_route=\/wp\/v2\/posts\/314\/revisions"}],"wp:featuredmedia":[{"embeddable":true,"href":"https:\/\/www.news.veerst.info\/index.php?rest_route=\/wp\/v2\/media\/313"}],"wp:attachment":[{"href":"https:\/\/www.news.veerst.info\/index.php?rest_route=%2Fwp%2Fv2%2Fmedia&parent=314"}],"wp:term":[{"taxonomy":"category","embeddable":true,"href":"https:\/\/www.news.veerst.info\/index.php?rest_route=%2Fwp%2Fv2%2Fcategories&post=314"},{"taxonomy":"post_tag","embeddable":true,"href":"https:\/\/www.news.veerst.info\/index.php?rest_route=%2Fwp%2Fv2%2Ftags&post=314"}],"curies":[{"name":"wp","href":"https:\/\/api.w.org\/{rel}","templated":true}]}}