{"id":326,"date":"2010-09-23T18:38:06","date_gmt":"2010-09-23T18:38:06","guid":{"rendered":"https:\/\/www.news.veerst.info\/?p=326"},"modified":"2010-09-23T18:38:06","modified_gmt":"2010-09-23T18:38:06","slug":"nyt-fra-veerst-kirke-forste-artikel-om-sognets-institutioner","status":"publish","type":"post","link":"https:\/\/www.news.veerst.info\/?p=326","title":{"rendered":"Nyt fra Veerst kirke &#8211; f\u00f8rste artikel om sognets institutioner"},"content":{"rendered":"<p>Veerst kirke har ved Sognepr\u00e6st Bitten Weile sendt f\u00f8lgende til Veert.dk om Veerst kirke og menighedsr\u00e5dets aktiviteter i den kommende periode. Hermed er den f\u00f8rste artikel om en af sognets institutioner p\u00e5 sognets webportal og webavis en realitet.<\/p>\n<p><strong>Kirken og menighedsr\u00e5det har programsat f\u00f8lgende aktiviteter i efter\u00e5ret 2010<\/strong><\/p>\n<p><em>Af Bitten Weile<\/em><\/p>\n<table border=\"0\" cellpadding=\"0\" cellspacing=\"0\">\n<tbody>\n<tr>\n<td valign=\"top\" width=\"217\">\n<div><\/div>\n<\/td>\n<td valign=\"top\" width=\"217\">\n<div>Veerst Kirke<\/div>\n<\/td>\n<\/tr>\n<tr>\n<td valign=\"top\" width=\"217\">\n<div><strong>5. september <\/strong><em>14.s.e.trin<\/em><\/div>\n<\/td>\n<td valign=\"top\" width=\"217\">\n<div>10.30<\/div>\n<\/td>\n<\/tr>\n<tr>\n<td valign=\"top\" width=\"217\">\n<div><strong>12. september <\/strong><em>15.s.e.trin<\/em><\/div>\n<\/td>\n<td valign=\"top\" width=\"217\">\n<div>10.30 H\u00f8stgudstjeneste<\/div>\n<\/td>\n<\/tr>\n<tr>\n<td valign=\"top\" width=\"217\">\n<div><strong>19. september <\/strong><em>16.s.e.trin<\/em><strong> <\/strong><em> <\/em><\/div>\n<\/td>\n<td valign=\"top\" width=\"217\">\n<div>Ingen<\/div>\n<\/td>\n<\/tr>\n<tr>\n<td valign=\"top\" width=\"217\">\n<div><strong>26. september <\/strong><em>17.s.e.trin<\/em><\/div>\n<\/td>\n<td valign=\"top\" width=\"217\">\n<div>10.30<\/div>\n<\/td>\n<\/tr>\n<tr>\n<td valign=\"top\" width=\"217\">\n<div><strong>3.   oktober <\/strong><em>18.s.e.trin<\/em><\/div>\n<\/td>\n<td valign=\"top\" width=\"217\">\n<div>09.00<\/div>\n<\/td>\n<\/tr>\n<tr>\n<td valign=\"top\" width=\"217\">\n<div><strong>10.oktober <\/strong><em>19.s.e.trin<\/em><\/div>\n<\/td>\n<td valign=\"top\" width=\"217\">\n<div>10.30<\/div>\n<\/td>\n<\/tr>\n<tr>\n<td valign=\"top\" width=\"217\">\n<div><strong>17. oktober<\/strong> <em>20.s.e.trin<\/em><\/div>\n<\/td>\n<td valign=\"top\" width=\"217\">\n<div>09.00 v. ASA<\/div>\n<\/td>\n<\/tr>\n<tr>\n<td valign=\"top\" width=\"217\">\n<div><strong>24.   oktober <\/strong><em>21.s.e.trin<\/em><\/div>\n<\/td>\n<td valign=\"top\" width=\"217\">\n<div>Ingen<\/div>\n<\/td>\n<\/tr>\n<tr>\n<td valign=\"top\" width=\"217\">\n<div><strong>31. oktober <\/strong><em>22.s.e.trin<\/em><\/div>\n<\/td>\n<td valign=\"top\" width=\"217\">\n<div>10.30<\/div>\n<\/td>\n<\/tr>\n<tr>\n<td valign=\"top\" width=\"217\">\n<div><strong>7. november <\/strong><em>Alle Helgens dag<\/em><\/div>\n<\/td>\n<td valign=\"top\" width=\"217\">\n<div>09.00<\/div>\n<\/td>\n<\/tr>\n<tr>\n<td valign=\"top\" width=\"217\">\n<div><strong>14. november <\/strong><em>24.s.e.trin<\/em><\/div>\n<\/td>\n<td valign=\"top\" width=\"217\">\n<div>Ingen<\/div>\n<\/td>\n<\/tr>\n<tr>\n<td valign=\"top\" width=\"217\">\n<div><strong>21. novembe <\/strong><em>s.s.i.   kirke\u00e5ret<\/em><\/div>\n<\/td>\n<td valign=\"top\" width=\"217\">\n<div>10.30<\/div>\n<\/td>\n<\/tr>\n<tr>\n<td valign=\"top\" width=\"217\">\n<div><strong>28.   november <\/strong><em>1.s.i   advent<\/em><\/div>\n<\/td>\n<td valign=\"top\" width=\"217\">\n<div>15.00<\/div>\n<\/td>\n<\/tr>\n<\/tbody>\n<\/table>\n<p><strong>Musikalsk Legestue<\/strong><strong><\/strong><\/p>\n<p>Onsdag den 15. september kl. 16-16.45 begynder et nyt tilbud for b\u00f8rn og for\u00e6ldre her i B\u00e6kke Kirke. Vi tilbyder en musikalsk legestue for b\u00f8rn i alderen 3-6 \u00e5r. Den musikalske legestue er et tilbud om en musikalsk time sammen i kirken. Igennem sang, rytme og bev\u00e6gelse tilbyder vi en anderledes d\u00e5bsopl\u00e6ring. B\u00f8rnene f\u00e5r igennem musikken og sangene styrket deres musikalitet, sproglige sans og koncentrations og lytteevne. Tilbuddet er et samarbejde mellem organisten og sognepr\u00e6sten, og vi vil i f\u00e6llesskab planl\u00e6gge forl\u00f8bet.<\/p>\n<p>En time i musikalsk legestue begynder med sang og musik i Kirken i ca. en halv time og slutter i konfirmandstuen med fort\u00e6lling, saftevand og kiks. Alle b\u00f8rn er meget velkomne &#8211; Vi gl\u00e6der os til at se jer.<\/p>\n<p><strong>Efter\u00e5rsm\u00f8de: <\/strong><\/p>\n<p>Veerst og B\u00e6kke menighedsr\u00e5d indbyder til foredrag i Kragelund Forsamlingshus mandag den 4. oktober kl. 19.30. &#8220;Findes der mere mellem himmel og jord&#8221; er overskriften p\u00e5 \u00e5rets foredrag.<\/p>\n<p>Foredragsholderen og forfatteren Niels Kr\u00f8jsgaard vil denne aften give sit bud p\u00e5 hvor nemt man kan manipuleres til at tro p\u00e5 det okkulte. H\u00f8r om de teknikker clairvoyante kan benytte for at skabe illusionen af at v\u00e6re i besiddelse af overnaturlige evner. F\u00e5 interessante historier om sp\u00f8gelser, sp\u00e5domme og meget mere.<\/p>\n<p>Niels Kr\u00f8jsgaard er blandt andet kendt som tryllekunstneren i DR1 dokumentaren &#8220;forf\u00f8rt&#8221;, som afsl\u00f8rede den indiske Guru Dai Babas evner, som snyd. Han er ogs\u00e5 medforfatter p\u00e5 Politikens bog om det alternative. Ligeledes har han v\u00e6ret en del af DR1 dokumentar &#8220;fornemmelse for snyd&#8221;.<\/p>\n<p>Findes der mere mellem himmel og jord? Muligvis! Men en ting er sikkert. N\u00e5r du har h\u00f8rt Niels Kr\u00f8jsgaards foredrag vil du v\u00e6re sikke p\u00e5, at mange af de som p\u00e5st\u00e5r, at v\u00e6re i besiddelse af \u00e6gte overnaturlige evner, snyder !<\/p>\n<p>Entre: Gratis. Kaffe: 25 kr.<\/p>\n<p> <\/p>\n<p>Se, nu stiger solen&#8230;.<\/p>\n<p><span style=\"text-decoration: underline;\"> <\/span><\/p>\n<p><strong>Koncert i Veerst kirke onsdag den 27. oktober kl. 19.30<\/strong><\/p>\n<p>I oktober er der koncert i Veerst Kirke. Vi f\u00e5r i \u00e5r bes\u00f8g af sanger Pernille Bog\u00f8 Bach og pianist Carl Ulrik Munk-Andersen. Aftenen byder p\u00e5 salmer, danske sange og musicals, krydret med orgel\/klaversoli. Vi har de f\u00f8r haft bes\u00f8g af Carl Ulrik Munk-Andersen, da han har v\u00e6ret pianist for b\u00e5de Kurt Ravn og Lene Siel.<\/p>\n<p>Parret har de seneste \u00e5r flittigt bes\u00f8gt de danske kirker med deres program sammensat af sange fra deres forskellige CD&#8217;er &#8211; bundet sammen af historier om sangenes tilblivelse, deres regionale tilh\u00f8rsforhold eller s\u00e6rlige stemnings- eller naturbeskrivelser.<\/p>\n<p>Billetter koster 100 kr. og kan bestilles fra mandag den 11. oktober hos Kirstine Sk\u00f8tt Thomsen, Stationsvej 15, 6622 B\u00e6kke Telefon: 75 38 91 82 eller hos Anne Marie Jensen, Gyden 21, Veerst Tlf. 75 55 52 76. Billetterne afhentes og betales hos ovenn\u00e6vnte fredag den 22. oktober.<\/p>\n<p><strong>Alle Helgens gudstjeneste i Veerst og B\u00e6kke kirker:<\/strong><\/p>\n<p>S\u00f8ndag den 7.november er Alle Helgens dag, dagen, hvor vi mindes vore d\u00f8de.<\/p>\n<p>Derfor inviteres til Alle Helgens gudstjeneste i:<\/p>\n<p>Veerst kirke: kl.09.00<\/p>\n<p>Navnene p\u00e5 de afd\u00f8de siden sidste Alle Helgen vil blive l\u00e6st op, og der vil blive t\u00e6ndt lys for hver enkelt. Hvis en familie ikke \u00f8nsker navnet p\u00e5 afd\u00f8de l\u00e6st op bedes man kontakte Sognepr\u00e6st Bitten Weile.<\/p>\n<p><strong>1.s\u00f8ndag i Advent &#8211; Familiegudstjenester i Veerst og B\u00e6kke Kirker<\/strong><\/p>\n<p><strong> <\/strong><\/p>\n<p><strong>I Veerst Kirke kl. 15<\/strong><\/p>\n<p>Familiegudstjeneste i Veerst Kirke &#8211; I \u00e5r med krybbespil ved byens b\u00f8rn. Efter gudstjenesten g\u00e5r turen sammen med julemanden til Veerst by, hvor juletr\u00e6et t\u00e6ndes. Vi h\u00e5ber, at der igen i \u00e5r kommer mange b\u00f8rn og voksne til denne dejlige indledning til juletiden. Alle er velkomne.<\/p>\n<p><img decoding=\"async\" loading=\"lazy\" class=\" size-full wp-image-325\" alt=\"veerst_kirke2\" src=\"https:\/\/www.news.veerst.info\/wp-content\/uploads\/2010\/09\/veerst_kirke2.jpg\" width=\"467\" height=\"311\" width=\"467\" height=\"311\" srcset=\"https:\/\/www.news.veerst.info\/wp-content\/uploads\/2010\/09\/veerst_kirke2.jpg 467w, https:\/\/www.news.veerst.info\/wp-content\/uploads\/2010\/09\/veerst_kirke2-300x200.jpg 300w\" sizes=\"(max-width: 467px) 100vw, 467px\" \/><\/p>\n<p>\u00a0<\/p>\n<table border=\"0\" cellpadding=\"0\" cellspacing=\"0\"> <\/table>\n","protected":false},"excerpt":{"rendered":"<p>Veerst kirke har ved Sognepr\u00e6st Bitten Weile sendt f\u00f8lgende til Veert.dk om Veerst kirke og menighedsr\u00e5dets aktiviteter i den kommende periode. Hermed er den f\u00f8rste artikel om en af sognets institutioner p\u00e5 sognets webportal og webavis en realitet. Kirken og&hellip;<\/p>\n<p class=\"more-link-p\"><a class=\"more-link\" href=\"https:\/\/www.news.veerst.info\/?p=326\">Read more &rarr;<\/a><\/p>\n","protected":false},"author":1,"featured_media":325,"comment_status":"open","ping_status":"open","sticky":false,"template":"","format":"standard","meta":[],"categories":[29],"tags":[],"_links":{"self":[{"href":"https:\/\/www.news.veerst.info\/index.php?rest_route=\/wp\/v2\/posts\/326"}],"collection":[{"href":"https:\/\/www.news.veerst.info\/index.php?rest_route=\/wp\/v2\/posts"}],"about":[{"href":"https:\/\/www.news.veerst.info\/index.php?rest_route=\/wp\/v2\/types\/post"}],"author":[{"embeddable":true,"href":"https:\/\/www.news.veerst.info\/index.php?rest_route=\/wp\/v2\/users\/1"}],"replies":[{"embeddable":true,"href":"https:\/\/www.news.veerst.info\/index.php?rest_route=%2Fwp%2Fv2%2Fcomments&post=326"}],"version-history":[{"count":0,"href":"https:\/\/www.news.veerst.info\/index.php?rest_route=\/wp\/v2\/posts\/326\/revisions"}],"wp:featuredmedia":[{"embeddable":true,"href":"https:\/\/www.news.veerst.info\/index.php?rest_route=\/wp\/v2\/media\/325"}],"wp:attachment":[{"href":"https:\/\/www.news.veerst.info\/index.php?rest_route=%2Fwp%2Fv2%2Fmedia&parent=326"}],"wp:term":[{"taxonomy":"category","embeddable":true,"href":"https:\/\/www.news.veerst.info\/index.php?rest_route=%2Fwp%2Fv2%2Fcategories&post=326"},{"taxonomy":"post_tag","embeddable":true,"href":"https:\/\/www.news.veerst.info\/index.php?rest_route=%2Fwp%2Fv2%2Ftags&post=326"}],"curies":[{"name":"wp","href":"https:\/\/api.w.org\/{rel}","templated":true}]}}