{"id":337,"date":"2010-11-01T22:23:12","date_gmt":"2010-11-01T22:23:12","guid":{"rendered":"https:\/\/www.news.veerst.info\/?p=337"},"modified":"2010-11-01T22:23:12","modified_gmt":"2010-11-01T22:23:12","slug":"qdet-her-gor-vi-ikke-bare-for-sjov-men-vi-gor-sjove-tingq","status":"publish","type":"post","link":"https:\/\/www.news.veerst.info\/?p=337","title":{"rendered":"&#8220;Det her g\u00f8r vi ikke bare for sjov, men vi g\u00f8r sjove ting&#8221;"},"content":{"rendered":"<p>Generalforsamlingen i Teater- og kulturforeningen i Veerst mandag aften vidnede bogstaveligt om, at det bobler af liv og virkelyst i byens foreningsliv.\u00a0 Mens Fitness og redondo ball danserne buldrede l\u00f8s i den store sal, blev generalforsamlingen afviklet i den lille sal.<\/p>\n<p>Teater- og kulturforeningens formand Helene Svensson kunne berette, at de aktive skuespillere fra &#8220;amat\u00f8rscenen&#8221; i Veerst var blevet opfordret til at danne en forening henover sommeren, s\u00e5 man kunne arbejde med egne midler. &#8220;Det her g\u00f8r vi ikke bare for sjov, men vi g\u00f8r sjove ting&#8221;. Den s\u00e6tning rammede en god del af den efterf\u00f8lgende generalforsamling ind.<\/p>\n<h3>Workshop for alle i Veerst den 23. november<\/h3>\n<p>Vedt\u00e6gterne blev s\u00e5ledes oprettet ved den f\u00f8rste generalforsamling. Men pengekassen var tom fra starten.\u00a0 S\u00e5 er gode r\u00e5d jo dyre, men det lykkedes efter ans\u00f8gning, at f\u00e5 et godt tilskud fra det nye &#8220;Kulturelle samr\u00e5d&#8221; i Vejen kommune. Sammen med det fantastisk store stykke frivillige arbejde, som ligges for dagen af foreningens bestyrelse, med b\u00f8rneteater og en kommende workshop for interesserede den 23. november, vil det betyde, at foreningen kan komme godt p\u00e5 vej.<\/p>\n<p>P\u00e5 Workshoppen vil der blandt andet v\u00e6re foredrag om, hvordan man rent faktisk kan arbejde med b\u00e5de teater og kultur i en s\u00e5dan forening. Men der vil ogs\u00e5 v\u00e6re workshops om sminke, foto osv. og p\u00e5 opstillede computere vil man blandt andet kunne se de seneste \u00e5rs dilletant-forestillinger.<\/p>\n<p><img decoding=\"async\" loading=\"lazy\" class=\" size-full wp-image-166\" alt=\"CamillaPeterGunner-1\" src=\"https:\/\/www.news.veerst.info\/wp-content\/uploads\/2010\/03\/CamillaPeterGunner-1.jpg\" width=\"1536\" height=\"1152\" width=\"480\" height=\"360\" \/><\/p>\n<p><span style=\"font-size: 10pt;\"><strong>Foto<\/strong>: \u00d8veaften, dilletant 2010. I forgrunden Camilla B. Rasmussen, som p.t. er p\u00e5 studieophold i USA. Her f\u00f8lger hun blandt andet et fag i drama<\/span><span style=\"font-size: 10pt;\">. Peter og Gunner ses i baggrunden<\/span><\/p>\n<h3>Mange aktiviteter p\u00e5 programmet<\/h3>\n<p>Foreningens b\u00f8rneteaterafdeling vil st\u00e5 for \u00e5rets krybbespil i kirken, hvorefter man vil g\u00e5 i samlet flok fra kirken til forsamlingshuset. I forsamlingshuset vil bylauget st\u00e5 for det videre arrangement. Allerede nu kunne foreningen l\u00f8fte sl\u00f8ret for premieren p\u00e5 \u00e5rets dilletant den 27. februar 2011 med titlen: &#8220;Vanvid vaders&#8221; og den 22. marts, opf\u00f8rer b\u00f8rneteateret: \u00a0&#8220;Hodja fra Pjort&#8221;.<\/p>\n<p>Men der tr\u00e6nes ogs\u00e5 meget for at f\u00e5 de allerbedste pr\u00e6stationer frem. Helene kunne berette om, at b\u00f8rnene blandt andet har arbejdet med at pr\u00e6sentere sig, hvilket er sv\u00e6rt foran et spejl. Men b\u00f8rnene har ogs\u00e5 arbejdet med artikulering, motorik: &#8220;Hvad fort\u00e6ller vi med vores kropssprog&#8221; og de mindste har v\u00e6ret opslugt af eventyrspil p\u00e5 scenen i forsamlingshuset.<\/p>\n<h3>&#8220;Det med kulturforeningen er for at holde det \u00e5bent, hvad der kan foreg\u00e5&#8221;<\/h3>\n<p>P\u00e5 generalforsamlingen blev der spurgt til, hvad kulturforeningsdelen egentlig d\u00e6kker over. Tankerne er imidlertid, at der kan arbejdes med alt fra musik, foredrag, eksperimenterende teater osv. Det viser sig for eksempel, at nogle h\u00f8jskoler eksempelvis arbejder med teatereksperimenter, som de gerne vil rejse rundt med. &#8220;Hvis vi er kreative i foreningen kan vi m\u00e5ske godt f\u00e5 en del sp\u00e6ndende g\u00e6ster til en meget rimelig pris&#8221;. Mulighederne for at lave revy blev ogs\u00e5 n\u00e6vnt. Sp\u00f8rgsm\u00e5let er m\u00e5ske, hvor gr\u00e6nserne for en teaterforening i Veerst egentlig g\u00e5r. Med John Stewarts &#8220;The Daily Show&#8221; i tankerne, kan man godt forestille sig, at en revy kan finde mange sp\u00e6ndende emner i Veerst sogn, men hvad med hele kommunen? &#8220;Kulturforeningsdelen holder det \u00e5bent, vi kan tage mange ting frem, som vi kan besk\u00e6ftige os med&#8221;.<\/p>\n<h3>Kan man blive medlem af foreningen?<br \/><\/h3>\n<p>Undertegnede kan varmt anbefale et medlemskab i Veerst Teater- og kulturforening, det koster kun 100 kr. at v\u00e6re betalende medlem. Med tanke p\u00e5, hvor meget Teater- og kulturforeningen allerede har sat i gang i Veerst med b\u00f8rneteateret og den kommende workshop den 23. november er det vel v\u00e6rd at overveje et medlemsskab.<\/p>\n<p>\u00a0<\/p>\n","protected":false},"excerpt":{"rendered":"<p>Generalforsamlingen i Teater- og kulturforeningen i Veerst mandag aften vidnede bogstaveligt om, at det bobler af liv og virkelyst i byens foreningsliv.\u00a0 Mens Fitness og redondo ball danserne buldrede l\u00f8s i den store sal, blev generalforsamlingen afviklet i den lille&hellip;<\/p>\n<p class=\"more-link-p\"><a class=\"more-link\" href=\"https:\/\/www.news.veerst.info\/?p=337\">Read more &rarr;<\/a><\/p>\n","protected":false},"author":1,"featured_media":166,"comment_status":"open","ping_status":"open","sticky":false,"template":"","format":"standard","meta":[],"categories":[35],"tags":[],"_links":{"self":[{"href":"https:\/\/www.news.veerst.info\/index.php?rest_route=\/wp\/v2\/posts\/337"}],"collection":[{"href":"https:\/\/www.news.veerst.info\/index.php?rest_route=\/wp\/v2\/posts"}],"about":[{"href":"https:\/\/www.news.veerst.info\/index.php?rest_route=\/wp\/v2\/types\/post"}],"author":[{"embeddable":true,"href":"https:\/\/www.news.veerst.info\/index.php?rest_route=\/wp\/v2\/users\/1"}],"replies":[{"embeddable":true,"href":"https:\/\/www.news.veerst.info\/index.php?rest_route=%2Fwp%2Fv2%2Fcomments&post=337"}],"version-history":[{"count":0,"href":"https:\/\/www.news.veerst.info\/index.php?rest_route=\/wp\/v2\/posts\/337\/revisions"}],"wp:featuredmedia":[{"embeddable":true,"href":"https:\/\/www.news.veerst.info\/index.php?rest_route=\/wp\/v2\/media\/166"}],"wp:attachment":[{"href":"https:\/\/www.news.veerst.info\/index.php?rest_route=%2Fwp%2Fv2%2Fmedia&parent=337"}],"wp:term":[{"taxonomy":"category","embeddable":true,"href":"https:\/\/www.news.veerst.info\/index.php?rest_route=%2Fwp%2Fv2%2Fcategories&post=337"},{"taxonomy":"post_tag","embeddable":true,"href":"https:\/\/www.news.veerst.info\/index.php?rest_route=%2Fwp%2Fv2%2Ftags&post=337"}],"curies":[{"name":"wp","href":"https:\/\/api.w.org\/{rel}","templated":true}]}}