{"id":348,"date":"2010-11-28T21:45:13","date_gmt":"2010-11-28T21:45:13","guid":{"rendered":"https:\/\/www.news.veerst.info\/?p=348"},"modified":"2010-11-28T21:45:13","modified_gmt":"2010-11-28T21:45:13","slug":"borgere-undres-over-lokalradet-forkert-at-lukke-veerstdk","status":"publish","type":"post","link":"https:\/\/www.news.veerst.info\/?p=348","title":{"rendered":"Borgere undres over lokalr\u00e5det &#8211; forkert at lukke Veerst.dk"},"content":{"rendered":"<p>Borgere i Veerst har henvendt sig til webmasteren p\u00e5 &#8220;Veerst.dk&#8221; nu p\u00e5 Veerst.info og udtrykt undren over lokalr\u00e5dets beslutning om, at bylaugets hjemmeside skal have dom\u00e6net: veerst.dk. Man fort\u00e6ller, at vi har skabt et godt koncept for sognets hjemmeside. Man fort\u00e6ller, at mange borgere har udtrykt en positiv kritik af hjemmesiden, b\u00e5de herboende og potentielle tilflyttere. Derfor er man temmelig uforst\u00e5ende overfor den m\u00e5de, som lokalr\u00e5det og bylauget tr\u00e6ffer beslutninger p\u00e5, da man ikke \u00f8nsker, at bylaugets hjemmeside skal v\u00e6re byens ansigt udadtil. Den er ikke helt tilfredsstillende som ansigtet udadtil, siger nogen. <\/p>\n<p>Borgerne siger samtidigt, at de ogs\u00e5 fremover vil benytte Veerst.info, som deres kilde til lokal information, hvilket vi naturligvis er meget glade for at h\u00f8re her p\u00e5 sitet.<\/p>\n<p><img decoding=\"async\" loading=\"lazy\" class=\" size-full wp-image-347\" alt=\"OnLocation_Veerst3\" src=\"https:\/\/www.news.veerst.info\/wp-content\/uploads\/2010\/11\/OnLocation_Veerst3.jpg\" width=\"319\" height=\"480\" width=\"319\" height=\"480\" srcset=\"https:\/\/www.news.veerst.info\/wp-content\/uploads\/2010\/11\/OnLocation_Veerst3.jpg 319w, https:\/\/www.news.veerst.info\/wp-content\/uploads\/2010\/11\/OnLocation_Veerst3-199x300.jpg 199w\" sizes=\"(max-width: 319px) 100vw, 319px\" \/><\/p>\n<div>Foto: Jeppe S\u00f8e i samtale med borgere i Veerst p\u00e5 filmdagen ved Veerst-filmens tilblivelse<\/div>\n<p>P\u00e5 &#8220;Veerst.dk&#8221; nu p\u00e5 Veerst.info, spekulerer vi naturligvis p\u00e5, hvad lokalr\u00e5det vil opn\u00e5 ved at tvangsredelegere dom\u00e6net: veerst.dk til lokalr\u00e5det og bylaugets hjemmeside. Hvis lokalr\u00e5det har v\u00e6ret meget utilfreds med vores koncept og det som sitet er kendt for sammen med filmen om &#8220;Tanja og verdens s\u00f8deste naboer&#8221;, s\u00e5 havde de velsagtens betakket sig for at tage vores navn i brug som dom\u00e6ne til deres (byluagets) hjemmeside. Det har vi vanskeligt ved at tro er tilf\u00e6ldet. S\u00e5 ville det trods alt v\u00e6re mere logisk, at bruge et dom\u00e6nenavn s\u00e5som veerst-bylaug.dk eller veerst-lokalraad eller et subdom\u00e6ne s\u00e5som lokalraad.veerst.dk, som vi har tilbudt dem.<\/p>\n<p>Kan det t\u00e6nkes, at lokalr\u00e5det og bylauget er helt enige med borgerne af den positive kritik af vores arbejde med at udvikle &#8220;Veerst.dk&#8221;, som nu er p\u00e5 Veerst.info? Kan man forestille sig, at det er derfor lokalr\u00e5det absolut vil flytte brugen af dom\u00e6net veerst.dk til bylauget, s\u00e5 bylauget og lokalr\u00e5det kan komme til at nyde eksklussiv gavn af det frivillige arbejde, der er gjort fra vores side, men uden om og hen over hovedet p\u00e5 det frivillige arbejde, der er lagt i det? Man har ikke tilbudt os at bruge dom\u00e6net veerst-bylaug.dk nu n\u00e5r veerst.dk skal bruges til veerst-byalug.dk, hvilket vi ogs\u00e5 havde takket p\u00e6nt nej tak til. Men hvis bylauget tager dom\u00e6net Veerst.dk i brug, vil vi forel\u00f8bigt tage det som udtryk for, at bylauget er meget stolte af det, som &#8220;Veerst.dk&#8221; nu p\u00e5 Veerst.info er kendt for rundt i landet og en smule i udlandet. Det er blandt andet veerst-filmen og skarpe nyhedsartikler om naboskabet til k\u00e6mpevindm\u00f8ller. Vi ved i hvertfald, at en del borgere i Veerst er positive overfor &#8220;Veerst.dk&#8221; nu p\u00e5 Veerst.info, s\u00e5 vi vil ogs\u00e5 tage det til indt\u00e6gt for, at lokalr\u00e5det og bylauget vil udnytte denne egenskab ved dom\u00e6nenavnet. Det virker absurd, hvis lokalr\u00e5det blot har taget dom\u00e6net veerst.dk v\u00e6k fra os, for at fjerne noget i Veerst sogn, som en del borgere var positive overfor, s\u00e5 mon ikke de enten tager dom\u00e6net i brug, selvom det s\u00e5 bliver knyttet sammen med &#8220;Veerst.dk&#8221; nu p\u00e5 Veerst.info.<\/p>\n<p>Hvis nogen synes, at logikken kan blive vanskelig med alle de tilknytninger mellem dom\u00e6ner mv., s\u00e5 kan vi fint f\u00f8lge dem i forvirringen. Vi tager gerne en dr\u00f8ftelse med lokalr\u00e5det, men ud fra det synspunkt at &#8220;Veerst.dk&#8221; nu p\u00e5 Veerst.info er v\u00e6rdsat og v\u00e6rdifuldt, ogs\u00e5 for lokalr\u00e5det!<\/p>\n<p>\u00a0<\/p>\n<p>\u00a0<\/p>\n<p><\/p>\n","protected":false},"excerpt":{"rendered":"<p>Borgere i Veerst har henvendt sig til webmasteren p\u00e5 &#8220;Veerst.dk&#8221; nu p\u00e5 Veerst.info og udtrykt undren over lokalr\u00e5dets beslutning om, at bylaugets hjemmeside skal have dom\u00e6net: veerst.dk. Man fort\u00e6ller, at vi har skabt et godt koncept for sognets hjemmeside. Man&hellip;<\/p>\n<p class=\"more-link-p\"><a class=\"more-link\" href=\"https:\/\/www.news.veerst.info\/?p=348\">Read more &rarr;<\/a><\/p>\n","protected":false},"author":1,"featured_media":347,"comment_status":"open","ping_status":"open","sticky":false,"template":"","format":"standard","meta":[],"categories":[21],"tags":[],"_links":{"self":[{"href":"https:\/\/www.news.veerst.info\/index.php?rest_route=\/wp\/v2\/posts\/348"}],"collection":[{"href":"https:\/\/www.news.veerst.info\/index.php?rest_route=\/wp\/v2\/posts"}],"about":[{"href":"https:\/\/www.news.veerst.info\/index.php?rest_route=\/wp\/v2\/types\/post"}],"author":[{"embeddable":true,"href":"https:\/\/www.news.veerst.info\/index.php?rest_route=\/wp\/v2\/users\/1"}],"replies":[{"embeddable":true,"href":"https:\/\/www.news.veerst.info\/index.php?rest_route=%2Fwp%2Fv2%2Fcomments&post=348"}],"version-history":[{"count":0,"href":"https:\/\/www.news.veerst.info\/index.php?rest_route=\/wp\/v2\/posts\/348\/revisions"}],"wp:featuredmedia":[{"embeddable":true,"href":"https:\/\/www.news.veerst.info\/index.php?rest_route=\/wp\/v2\/media\/347"}],"wp:attachment":[{"href":"https:\/\/www.news.veerst.info\/index.php?rest_route=%2Fwp%2Fv2%2Fmedia&parent=348"}],"wp:term":[{"taxonomy":"category","embeddable":true,"href":"https:\/\/www.news.veerst.info\/index.php?rest_route=%2Fwp%2Fv2%2Fcategories&post=348"},{"taxonomy":"post_tag","embeddable":true,"href":"https:\/\/www.news.veerst.info\/index.php?rest_route=%2Fwp%2Fv2%2Ftags&post=348"}],"curies":[{"name":"wp","href":"https:\/\/api.w.org\/{rel}","templated":true}]}}