{"id":356,"date":"2011-02-28T12:10:26","date_gmt":"2011-02-28T12:10:26","guid":{"rendered":"https:\/\/www.news.veerst.info\/?p=356"},"modified":"2011-02-28T12:10:26","modified_gmt":"2011-02-28T12:10:26","slug":"husk-generalforsamlingen-i-vandvaerket","status":"publish","type":"post","link":"https:\/\/www.news.veerst.info\/?p=356","title":{"rendered":"Husk generalforsamlingen i Vandv\u00e6rket"},"content":{"rendered":"<p><span style=\"font-family: Arial; font-size: 14pt;\"><strong>Vandv\u00e6rket i Veerst afholder sin ordin\u00e6re generalforsamling tirsdag den 8. marts kl 19.30<\/strong><br \/> i Veerst Forsamlingshus, hvor bestyrelsen er v\u00e6rt ved et mindre traktement<\/span><\/p>\n<p><span style=\"font-family: Arial; font-size: 14pt;\">Man kan tilmelkde sig hos Niels Peter Landmark tlf. 40 57 50 78 email: \t<a href=\"mailto:landmark@veerst.dk\">landmark@veerst.dk<\/a><\/span><\/p>\n<p>\u00a0<\/p>\n<p><img decoding=\"async\" loading=\"lazy\" class=\" size-full wp-image-355\" alt=\"brandhane_veerst\" src=\"https:\/\/www.news.veerst.info\/wp-content\/uploads\/2011\/02\/brandhane_veerst.jpg\" width=\"540\" height=\"360\" width=\"540\" height=\"360\" srcset=\"https:\/\/www.news.veerst.info\/wp-content\/uploads\/2011\/02\/brandhane_veerst.jpg 540w, https:\/\/www.news.veerst.info\/wp-content\/uploads\/2011\/02\/brandhane_veerst-300x200.jpg 300w\" sizes=\"(max-width: 540px) 100vw, 540px\" \/><\/p>\n<p>Foto: Branhanen ved Cirkuspladsen<\/p>\n","protected":false},"excerpt":{"rendered":"<p>Vandv\u00e6rket i Veerst afholder sin ordin\u00e6re generalforsamling tirsdag den 8. marts kl 19.30 i Veerst Forsamlingshus, hvor bestyrelsen er v\u00e6rt ved et mindre traktement Man kan tilmelkde sig hos Niels Peter Landmark tlf. 40 57 50 78 email: landmark@veerst.dk \u00a0&hellip;<\/p>\n<p class=\"more-link-p\"><a class=\"more-link\" href=\"https:\/\/www.news.veerst.info\/?p=356\">Read more &rarr;<\/a><\/p>\n","protected":false},"author":1,"featured_media":355,"comment_status":"open","ping_status":"open","sticky":false,"template":"","format":"standard","meta":[],"categories":[45],"tags":[],"_links":{"self":[{"href":"https:\/\/www.news.veerst.info\/index.php?rest_route=\/wp\/v2\/posts\/356"}],"collection":[{"href":"https:\/\/www.news.veerst.info\/index.php?rest_route=\/wp\/v2\/posts"}],"about":[{"href":"https:\/\/www.news.veerst.info\/index.php?rest_route=\/wp\/v2\/types\/post"}],"author":[{"embeddable":true,"href":"https:\/\/www.news.veerst.info\/index.php?rest_route=\/wp\/v2\/users\/1"}],"replies":[{"embeddable":true,"href":"https:\/\/www.news.veerst.info\/index.php?rest_route=%2Fwp%2Fv2%2Fcomments&post=356"}],"version-history":[{"count":0,"href":"https:\/\/www.news.veerst.info\/index.php?rest_route=\/wp\/v2\/posts\/356\/revisions"}],"wp:featuredmedia":[{"embeddable":true,"href":"https:\/\/www.news.veerst.info\/index.php?rest_route=\/wp\/v2\/media\/355"}],"wp:attachment":[{"href":"https:\/\/www.news.veerst.info\/index.php?rest_route=%2Fwp%2Fv2%2Fmedia&parent=356"}],"wp:term":[{"taxonomy":"category","embeddable":true,"href":"https:\/\/www.news.veerst.info\/index.php?rest_route=%2Fwp%2Fv2%2Fcategories&post=356"},{"taxonomy":"post_tag","embeddable":true,"href":"https:\/\/www.news.veerst.info\/index.php?rest_route=%2Fwp%2Fv2%2Ftags&post=356"}],"curies":[{"name":"wp","href":"https:\/\/api.w.org\/{rel}","templated":true}]}}