{"id":363,"date":"2011-05-02T12:35:07","date_gmt":"2011-05-02T12:35:07","guid":{"rendered":"https:\/\/www.news.veerst.info\/?p=363"},"modified":"2015-03-01T15:40:17","modified_gmt":"2015-03-01T15:40:17","slug":"lokalradet-vil-investere-stort-belob-i-legepladsprojektet","status":"publish","type":"post","link":"https:\/\/www.news.veerst.info\/?p=363","title":{"rendered":"Lokalr\u00e5det vil investere stort bel\u00f8b i legepladsprojektet"},"content":{"rendered":"<p>LAG-Vejen siger i en pressemeddelelse, at &#8220;Lokalr\u00e5det for Veerst Sogn kan gl\u00e6de sig&#8221; Lokalr\u00e5dets ans\u00f8gning om bypark og stisystem er nemlig indstillet til en st\u00f8tte p\u00e5 250.000 kr. fra LAG-Vejen, som ogs\u00e5 har indstillet projektet til st\u00f8tte p\u00e5 62.500 kr. fra  Vejen Kommunes pulje til medfinansiering. &#8220;Projektet har udgangspunkt i <a href=\"https:\/\/www.news.veerst.info\/?p=183\">udviklingsplanen <\/a>for Veerst Sogn og  projektets form\u00e5l er ogs\u00e5 at give et varigt l\u00f8ft til levevilk\u00e5rene i  omr\u00e5det&#8221;. Lokalr\u00e5det vil styrke landsbyf\u00e6llesskabet &#8211; is\u00e6r for b\u00f8rn og unge &#8211; ved at etablere et aktivitets- og samv\u00e6rsomr\u00e5de i Veerst og etablere nogle stier i samspil med Troldhedebanen.<\/p>\n<p>Gruppen bag legepladsprojektet og lokalr\u00e5det har sammen med kommunens arkitekt udarbejdet en folder, som illustrerer, hvordan legeplads og stier kan udformes.<\/p>\n<p><img decoding=\"async\" loading=\"lazy\" class=\" size-full wp-image-360\" alt=\"situationsplan_februar_2011\" src=\"https:\/\/www.news.veerst.info\/wp-content\/uploads\/2011\/05\/situationsplan_februar_2011.jpg\" width=\"640\" height=\"424\" width=\"640\" height=\"424\" srcset=\"https:\/\/www.news.veerst.info\/wp-content\/uploads\/2011\/05\/situationsplan_februar_2011.jpg 640w, https:\/\/www.news.veerst.info\/wp-content\/uploads\/2011\/05\/situationsplan_februar_2011-300x199.jpg 300w\" sizes=\"(max-width: 640px) 100vw, 640px\" \/><code><\/code><\/p>\n<p><code>Foto: Illustrationen stammer fra oversigtsplanen, som lokalr\u00e5det har udarbejdet sammen med Vejen kommune.<\/code><\/p>\n<p>Folderen med ovesigtsplanen kan downloades <a class=\"jce_file\" title=\"her.\" href=\"https:\/\/www.news.veerst.info\/wp-content\/uploads\/2011\/05\/notat_om_planmaessige_forhold.pdf\">her.<\/a><\/p>\n<p>Ved generalforsamlingen i Veerst projektst\u00f8tteforening lagde bestyrelsen ikke skjul p\u00e5, at legepladsprojektet og lokalr\u00e5det kunne s\u00f8ge om et stort bel\u00f8b fra foreningens formue. Projektst\u00f8tteforeningen i Veerst, har r\u00e5det over den gamle Veerst brugsforenings formue p\u00e5 ca 300.000 kr. gennem snart mange \u00e5r til medfinansiering af projekter.<\/p>\n<p>Indtil nu har foreningen ikke st\u00f8ttet nogen projekter. Det er til geng\u00e6ld sandsynligt at bypark- og stisystemprojektet har s\u00f8gt om et meget stort projektbel\u00f8b fra Veerst prjektst\u00f8tteforening, idet LAG-Vejen kun medfinansierer projekter med op til 50%.<\/p>\n<p><img decoding=\"async\" loading=\"lazy\" class=\" size-full wp-image-362\" alt=\"stisystemet\" src=\"https:\/\/www.news.veerst.info\/wp-content\/uploads\/2011\/05\/stisystemet.jpg\" width=\"580\" height=\"480\" width=\"580\" height=\"480\" srcset=\"https:\/\/www.news.veerst.info\/wp-content\/uploads\/2011\/05\/stisystemet.jpg 580w, https:\/\/www.news.veerst.info\/wp-content\/uploads\/2011\/05\/stisystemet-300x248.jpg 300w\" sizes=\"(max-width: 580px) 100vw, 580px\" \/><\/p>\n<div>Foto: Illustration fra projektmagerne og kommunens folder, der viser det p\u00e5t\u00e6nkte stisystem<\/div>\n","protected":false},"excerpt":{"rendered":"<p>LAG-Vejen siger i en pressemeddelelse, at &#8220;Lokalr\u00e5det for Veerst Sogn kan gl\u00e6de sig&#8221; Lokalr\u00e5dets ans\u00f8gning om bypark og stisystem er nemlig indstillet til en st\u00f8tte p\u00e5 250.000 kr. fra LAG-Vejen, som ogs\u00e5 har indstillet projektet til st\u00f8tte p\u00e5 62.500 kr.&hellip;<\/p>\n<p class=\"more-link-p\"><a class=\"more-link\" href=\"https:\/\/www.news.veerst.info\/?p=363\">Read more &rarr;<\/a><\/p>\n","protected":false},"author":1,"featured_media":360,"comment_status":"open","ping_status":"open","sticky":false,"template":"","format":"standard","meta":[],"categories":[17],"tags":[],"_links":{"self":[{"href":"https:\/\/www.news.veerst.info\/index.php?rest_route=\/wp\/v2\/posts\/363"}],"collection":[{"href":"https:\/\/www.news.veerst.info\/index.php?rest_route=\/wp\/v2\/posts"}],"about":[{"href":"https:\/\/www.news.veerst.info\/index.php?rest_route=\/wp\/v2\/types\/post"}],"author":[{"embeddable":true,"href":"https:\/\/www.news.veerst.info\/index.php?rest_route=\/wp\/v2\/users\/1"}],"replies":[{"embeddable":true,"href":"https:\/\/www.news.veerst.info\/index.php?rest_route=%2Fwp%2Fv2%2Fcomments&post=363"}],"version-history":[{"count":1,"href":"https:\/\/www.news.veerst.info\/index.php?rest_route=\/wp\/v2\/posts\/363\/revisions"}],"predecessor-version":[{"id":396,"href":"https:\/\/www.news.veerst.info\/index.php?rest_route=\/wp\/v2\/posts\/363\/revisions\/396"}],"wp:featuredmedia":[{"embeddable":true,"href":"https:\/\/www.news.veerst.info\/index.php?rest_route=\/wp\/v2\/media\/360"}],"wp:attachment":[{"href":"https:\/\/www.news.veerst.info\/index.php?rest_route=%2Fwp%2Fv2%2Fmedia&parent=363"}],"wp:term":[{"taxonomy":"category","embeddable":true,"href":"https:\/\/www.news.veerst.info\/index.php?rest_route=%2Fwp%2Fv2%2Fcategories&post=363"},{"taxonomy":"post_tag","embeddable":true,"href":"https:\/\/www.news.veerst.info\/index.php?rest_route=%2Fwp%2Fv2%2Ftags&post=363"}],"curies":[{"name":"wp","href":"https:\/\/api.w.org\/{rel}","templated":true}]}}