{"id":371,"date":"2013-06-25T23:30:13","date_gmt":"2013-06-25T23:30:13","guid":{"rendered":"https:\/\/www.news.veerst.info\/?p=371"},"modified":"2013-06-25T23:30:13","modified_gmt":"2013-06-25T23:30:13","slug":"veerst-bypark-og-legeplads-blev-indviet","status":"publish","type":"post","link":"https:\/\/www.news.veerst.info\/?p=371","title":{"rendered":"Veerst Bypark og Legeplads blev indviet"},"content":{"rendered":"<p>S\u00e5 kom dagen, hvor den l\u00e6nge planlagte bypark med legeplads kunne indvies. Samtidigt kunne byen indvie det nye stisystem ved pr\u00e6steskovs\u00f8en.<\/p>\n<p>I forbindelse med det \u00e5rlige Sct. Hans b\u00e5l startede man med at vandre ud til pr\u00e6steskovs\u00f8en efter at Martin M\u00f8hl havde holdt \u00e5rets b\u00e5ltale. Talen handlede om, hvordan en morgenmadsklub p\u00e5 Varregaardsvej for 4 \u00e5r siden fik den gode id\u00e9, at byen burde f\u00e5 en ny legeplads til gavn for de mange b\u00f8rn. Det f\u00f8rte til id\u00e9erne om en bypark samt et stisystem i pr\u00e6steskoven. Martin M\u00f8hl kom endvidere ind p\u00e5 den store indsats fra de mange frivillige, hvormed projektst\u00f8ttegruppens tilskud kunne oms\u00e6ttes til en konkret bypark mv.<\/p>\n<p>B\u00f8rnene har tilsyneladende taget godt imod byparken og den nye legeplads. Se filmen.<\/p>\n<p><iframe loading=\"lazy\" width=\"560\" height=\"315\" src=\"https:\/\/www.youtube.com\/embed\/43h8tlWBmjM?feature=oembed\" frameborder=\"0\" allowfullscreen><\/iframe><\/p>\n<p><img decoding=\"async\" loading=\"lazy\" class=\" size-full wp-image-54\" alt=\"Sankt_Hans_2009\" src=\"https:\/\/www.news.veerst.info\/wp-content\/uploads\/2009\/06\/Sankt_Hans_2009.jpg\" height=\"1024\" width=\"1280\" width=\"1280\" height=\"1024\" \/><\/p>\n","protected":false},"excerpt":{"rendered":"<p>S\u00e5 kom dagen, hvor den l\u00e6nge planlagte bypark med legeplads kunne indvies. Samtidigt kunne byen indvie det nye stisystem ved pr\u00e6steskovs\u00f8en. I forbindelse med det \u00e5rlige Sct. Hans b\u00e5l startede man med at vandre ud til pr\u00e6steskovs\u00f8en efter at Martin&hellip;<\/p>\n<p class=\"more-link-p\"><a class=\"more-link\" href=\"https:\/\/www.news.veerst.info\/?p=371\">Read more &rarr;<\/a><\/p>\n","protected":false},"author":1,"featured_media":54,"comment_status":"open","ping_status":"open","sticky":false,"template":"","format":"standard","meta":[],"categories":[22],"tags":[],"_links":{"self":[{"href":"https:\/\/www.news.veerst.info\/index.php?rest_route=\/wp\/v2\/posts\/371"}],"collection":[{"href":"https:\/\/www.news.veerst.info\/index.php?rest_route=\/wp\/v2\/posts"}],"about":[{"href":"https:\/\/www.news.veerst.info\/index.php?rest_route=\/wp\/v2\/types\/post"}],"author":[{"embeddable":true,"href":"https:\/\/www.news.veerst.info\/index.php?rest_route=\/wp\/v2\/users\/1"}],"replies":[{"embeddable":true,"href":"https:\/\/www.news.veerst.info\/index.php?rest_route=%2Fwp%2Fv2%2Fcomments&post=371"}],"version-history":[{"count":0,"href":"https:\/\/www.news.veerst.info\/index.php?rest_route=\/wp\/v2\/posts\/371\/revisions"}],"wp:featuredmedia":[{"embeddable":true,"href":"https:\/\/www.news.veerst.info\/index.php?rest_route=\/wp\/v2\/media\/54"}],"wp:attachment":[{"href":"https:\/\/www.news.veerst.info\/index.php?rest_route=%2Fwp%2Fv2%2Fmedia&parent=371"}],"wp:term":[{"taxonomy":"category","embeddable":true,"href":"https:\/\/www.news.veerst.info\/index.php?rest_route=%2Fwp%2Fv2%2Fcategories&post=371"},{"taxonomy":"post_tag","embeddable":true,"href":"https:\/\/www.news.veerst.info\/index.php?rest_route=%2Fwp%2Fv2%2Ftags&post=371"}],"curies":[{"name":"wp","href":"https:\/\/api.w.org\/{rel}","templated":true}]}}