{"id":373,"date":"2013-09-05T08:14:12","date_gmt":"2013-09-05T08:14:12","guid":{"rendered":"https:\/\/www.news.veerst.info\/?p=373"},"modified":"2015-03-01T15:40:18","modified_gmt":"2015-03-01T15:40:18","slug":"gudstjeneste-i-det-fri-ved-skovsoen-15-september","status":"publish","type":"post","link":"https:\/\/www.news.veerst.info\/?p=373","title":{"rendered":"Gudstjeneste i det fri ved skovs\u00f8en 15 september"},"content":{"rendered":"<p>Som annonceret ved indvielsen af Veerst Bypark afholder kirken en h\u00f8stgudstjeneste ved pr\u00e6steskovs\u00f8en kl. 14 s\u00f8ndag den 15. september. Gudstjenesten indvier den nye s\u00f8, som er anlagt i forbindelse med et nyanlagt stisystem i Veerst skov.<\/p>\n<p>I forbindelse med gudstjenesten vil nogle spillem\u00e6nd s\u00f8rge for musik og efterf\u00f8lgende vil en skovridder fort\u00e6lle om skoven.<\/p>\n<p>Du kan se mere om pr\u00e6steskovs\u00f8en i <a href=\"https:\/\/www.news.veerst.info\/?p=207\">filmen<\/a> fra indvielsen af byparken:<\/p>\n<p>\u00a0<\/p>\n<p> <object data=\"http:\/\/www.youtube.com\/v\/43h8tlWBmjM&amp;rel=1\" type=\"application\/x-shockwave-flash\" height=\"355\" width=\"425\"><param name=\"wmode\" value=\"transparent\" \/><param name=\"src\" value=\"http:\/\/www.youtube.com\/v\/43h8tlWBmjM&amp;rel=1\" \/><\/object> <\/p>\n<p>Kirken i Veerst:<\/p>\n<p><img decoding=\"async\" loading=\"lazy\" class=\" size-full wp-image-372\" alt=\"veerst_kirke1\" height=\"311\" width=\"467\" src=\"https:\/\/www.news.veerst.info\/wp-content\/uploads\/2013\/09\/veerst_kirke1.jpg\" width=\"467\" height=\"311\" srcset=\"https:\/\/www.news.veerst.info\/wp-content\/uploads\/2013\/09\/veerst_kirke1.jpg 467w, https:\/\/www.news.veerst.info\/wp-content\/uploads\/2013\/09\/veerst_kirke1-300x200.jpg 300w\" sizes=\"(max-width: 467px) 100vw, 467px\" \/><\/p>\n","protected":false},"excerpt":{"rendered":"<p>Som annonceret ved indvielsen af Veerst Bypark afholder kirken en h\u00f8stgudstjeneste ved pr\u00e6steskovs\u00f8en kl. 14 s\u00f8ndag den 15. september. Gudstjenesten indvier den nye s\u00f8, som er anlagt i forbindelse med et nyanlagt stisystem i Veerst skov. I forbindelse med gudstjenesten&hellip;<\/p>\n<p class=\"more-link-p\"><a class=\"more-link\" href=\"https:\/\/www.news.veerst.info\/?p=373\">Read more &rarr;<\/a><\/p>\n","protected":false},"author":1,"featured_media":372,"comment_status":"open","ping_status":"open","sticky":false,"template":"","format":"standard","meta":[],"categories":[45],"tags":[],"_links":{"self":[{"href":"https:\/\/www.news.veerst.info\/index.php?rest_route=\/wp\/v2\/posts\/373"}],"collection":[{"href":"https:\/\/www.news.veerst.info\/index.php?rest_route=\/wp\/v2\/posts"}],"about":[{"href":"https:\/\/www.news.veerst.info\/index.php?rest_route=\/wp\/v2\/types\/post"}],"author":[{"embeddable":true,"href":"https:\/\/www.news.veerst.info\/index.php?rest_route=\/wp\/v2\/users\/1"}],"replies":[{"embeddable":true,"href":"https:\/\/www.news.veerst.info\/index.php?rest_route=%2Fwp%2Fv2%2Fcomments&post=373"}],"version-history":[{"count":1,"href":"https:\/\/www.news.veerst.info\/index.php?rest_route=\/wp\/v2\/posts\/373\/revisions"}],"predecessor-version":[{"id":398,"href":"https:\/\/www.news.veerst.info\/index.php?rest_route=\/wp\/v2\/posts\/373\/revisions\/398"}],"wp:featuredmedia":[{"embeddable":true,"href":"https:\/\/www.news.veerst.info\/index.php?rest_route=\/wp\/v2\/media\/372"}],"wp:attachment":[{"href":"https:\/\/www.news.veerst.info\/index.php?rest_route=%2Fwp%2Fv2%2Fmedia&parent=373"}],"wp:term":[{"taxonomy":"category","embeddable":true,"href":"https:\/\/www.news.veerst.info\/index.php?rest_route=%2Fwp%2Fv2%2Fcategories&post=373"},{"taxonomy":"post_tag","embeddable":true,"href":"https:\/\/www.news.veerst.info\/index.php?rest_route=%2Fwp%2Fv2%2Ftags&post=373"}],"curies":[{"name":"wp","href":"https:\/\/api.w.org\/{rel}","templated":true}]}}