{"id":376,"date":"2013-09-15T16:20:03","date_gmt":"2013-09-15T16:20:03","guid":{"rendered":"https:\/\/www.news.veerst.info\/?p=376"},"modified":"2013-09-15T16:20:03","modified_gmt":"2013-09-15T16:20:03","slug":"spillemaend-menigheden-og-praesten-under-aben-himmel","status":"publish","type":"post","link":"https:\/\/www.news.veerst.info\/?p=376","title":{"rendered":"Spillem\u00e6nd, menigheden og pr\u00e6sten under \u00e5ben himmel"},"content":{"rendered":"<p>Indvielsen af den nyanlagte s\u00f8 i Veerst skov og pr\u00e6steskoven blev markeret med en gudstjeneste under \u00e5ben himmel. S\u00f8ndag kl 14 var mange mennesker m\u00f8dt frem ved pr\u00e6steskovs\u00f8en i Veerst skov, hvor De Dover spillem\u00e6nd s\u00f8rgede for musikken b\u00e5de under og efter gudstjenesten.<\/p>\n<p><img decoding=\"async\" loading=\"lazy\" class=\" size-full wp-image-374\" alt=\"Ved_soen2\" height=\"360\" width=\"640\" src=\"https:\/\/www.news.veerst.info\/wp-content\/uploads\/2013\/09\/Ved_soen2.jpg\" width=\"640\" height=\"360\" srcset=\"https:\/\/www.news.veerst.info\/wp-content\/uploads\/2013\/09\/Ved_soen2.jpg 640w, https:\/\/www.news.veerst.info\/wp-content\/uploads\/2013\/09\/Ved_soen2-300x169.jpg 300w\" sizes=\"(max-width: 640px) 100vw, 640px\" \/><\/p>\n<dt><span style=\"font-family: mceinline;\">Foto: De Dover Spillem\u00e6nd<\/span><\/dt>\n<p>Skovfogeden fortalte levende om skoven og dens rige historie, mens de fremm\u00f8dte hyggede sig med medbragt kaffe og ikke mindst f\u00e6llessang til musik fra de veloplagte &#8220;De Dover spillem\u00e6nd&#8221;.<\/p>\n<p><img decoding=\"async\" loading=\"lazy\" class=\" size-full wp-image-375\" alt=\"Ved_soen1\" height=\"360\" width=\"640\" src=\"https:\/\/www.news.veerst.info\/wp-content\/uploads\/2013\/09\/Ved_soen1.jpg\" width=\"640\" height=\"360\" srcset=\"https:\/\/www.news.veerst.info\/wp-content\/uploads\/2013\/09\/Ved_soen1.jpg 640w, https:\/\/www.news.veerst.info\/wp-content\/uploads\/2013\/09\/Ved_soen1-300x169.jpg 300w\" sizes=\"(max-width: 640px) 100vw, 640px\" \/><\/p>\n<dt><span style=\"font-family: mceinline;\">Foto: Der spilles op til f\u00e6llessang<\/span><\/dt>\n<p>S\u00f8en kan rumme mere vand end den allerede g\u00f8r. Man mener imidlertid, at vandstanden vil stige i s\u00f8en med \u00e5rene, efterh\u00e5nden som bunden s\u00e6tter sig og efter\u00e5rets regn s\u00e6tter ind. Sommeren har b\u00e5ret pr\u00e6g af t\u00f8rke i 2013.<\/p>\n<p>\u00a0<\/p>\n","protected":false},"excerpt":{"rendered":"<p>Indvielsen af den nyanlagte s\u00f8 i Veerst skov og pr\u00e6steskoven blev markeret med en gudstjeneste under \u00e5ben himmel. S\u00f8ndag kl 14 var mange mennesker m\u00f8dt frem ved pr\u00e6steskovs\u00f8en i Veerst skov, hvor De Dover spillem\u00e6nd s\u00f8rgede for musikken b\u00e5de under&hellip;<\/p>\n<p class=\"more-link-p\"><a class=\"more-link\" href=\"https:\/\/www.news.veerst.info\/?p=376\">Read more &rarr;<\/a><\/p>\n","protected":false},"author":1,"featured_media":374,"comment_status":"open","ping_status":"open","sticky":false,"template":"","format":"standard","meta":[],"categories":[29],"tags":[],"_links":{"self":[{"href":"https:\/\/www.news.veerst.info\/index.php?rest_route=\/wp\/v2\/posts\/376"}],"collection":[{"href":"https:\/\/www.news.veerst.info\/index.php?rest_route=\/wp\/v2\/posts"}],"about":[{"href":"https:\/\/www.news.veerst.info\/index.php?rest_route=\/wp\/v2\/types\/post"}],"author":[{"embeddable":true,"href":"https:\/\/www.news.veerst.info\/index.php?rest_route=\/wp\/v2\/users\/1"}],"replies":[{"embeddable":true,"href":"https:\/\/www.news.veerst.info\/index.php?rest_route=%2Fwp%2Fv2%2Fcomments&post=376"}],"version-history":[{"count":0,"href":"https:\/\/www.news.veerst.info\/index.php?rest_route=\/wp\/v2\/posts\/376\/revisions"}],"wp:featuredmedia":[{"embeddable":true,"href":"https:\/\/www.news.veerst.info\/index.php?rest_route=\/wp\/v2\/media\/374"}],"wp:attachment":[{"href":"https:\/\/www.news.veerst.info\/index.php?rest_route=%2Fwp%2Fv2%2Fmedia&parent=376"}],"wp:term":[{"taxonomy":"category","embeddable":true,"href":"https:\/\/www.news.veerst.info\/index.php?rest_route=%2Fwp%2Fv2%2Fcategories&post=376"},{"taxonomy":"post_tag","embeddable":true,"href":"https:\/\/www.news.veerst.info\/index.php?rest_route=%2Fwp%2Fv2%2Ftags&post=376"}],"curies":[{"name":"wp","href":"https:\/\/api.w.org\/{rel}","templated":true}]}}