{"id":377,"date":"2014-02-13T10:59:07","date_gmt":"2014-02-13T10:59:07","guid":{"rendered":"https:\/\/www.news.veerst.info\/?p=377"},"modified":"2014-02-13T10:59:07","modified_gmt":"2014-02-13T10:59:07","slug":"dillettant-flyttes-frem-til-den-14-og-15-marts","status":"publish","type":"post","link":"https:\/\/www.news.veerst.info\/?p=377","title":{"rendered":"Dillettant flyttes frem til den 14. og 15. marts"},"content":{"rendered":"<p>Veerst teater- og kulturforening har i dag offentliggjort, at \u00e5rets dilettant-forestilling bliver rykket frem i forhold til den oprindelige plan.<\/p>\n<p>Generalpr\u00f8ven er rykket til den 14. marts og premieren er rykket til den 15. marts.<\/p>\n<p><img decoding=\"async\" loading=\"lazy\" class=\" size-full wp-image-166\" alt=\"CamillaPeterGunner-1\" src=\"https:\/\/www.news.veerst.info\/wp-content\/uploads\/2010\/03\/CamillaPeterGunner-1.jpg\" width=\"480\" height=\"360\" width=\"480\" height=\"360\" \/><\/p>\n<p>Foto: Arkiv &#8211; Fra \u00f8velserne i 2010<\/p>\n<p>\u00a0<\/p>\n","protected":false},"excerpt":{"rendered":"<p>Veerst teater- og kulturforening har i dag offentliggjort, at \u00e5rets dilettant-forestilling bliver rykket frem i forhold til den oprindelige plan. Generalpr\u00f8ven er rykket til den 14. marts og premieren er rykket til den 15. marts. Foto: Arkiv &#8211; Fra \u00f8velserne&hellip;<\/p>\n<p class=\"more-link-p\"><a class=\"more-link\" href=\"https:\/\/www.news.veerst.info\/?p=377\">Read more &rarr;<\/a><\/p>\n","protected":false},"author":1,"featured_media":166,"comment_status":"open","ping_status":"open","sticky":false,"template":"","format":"standard","meta":[],"categories":[45],"tags":[],"_links":{"self":[{"href":"https:\/\/www.news.veerst.info\/index.php?rest_route=\/wp\/v2\/posts\/377"}],"collection":[{"href":"https:\/\/www.news.veerst.info\/index.php?rest_route=\/wp\/v2\/posts"}],"about":[{"href":"https:\/\/www.news.veerst.info\/index.php?rest_route=\/wp\/v2\/types\/post"}],"author":[{"embeddable":true,"href":"https:\/\/www.news.veerst.info\/index.php?rest_route=\/wp\/v2\/users\/1"}],"replies":[{"embeddable":true,"href":"https:\/\/www.news.veerst.info\/index.php?rest_route=%2Fwp%2Fv2%2Fcomments&post=377"}],"version-history":[{"count":0,"href":"https:\/\/www.news.veerst.info\/index.php?rest_route=\/wp\/v2\/posts\/377\/revisions"}],"wp:featuredmedia":[{"embeddable":true,"href":"https:\/\/www.news.veerst.info\/index.php?rest_route=\/wp\/v2\/media\/166"}],"wp:attachment":[{"href":"https:\/\/www.news.veerst.info\/index.php?rest_route=%2Fwp%2Fv2%2Fmedia&parent=377"}],"wp:term":[{"taxonomy":"category","embeddable":true,"href":"https:\/\/www.news.veerst.info\/index.php?rest_route=%2Fwp%2Fv2%2Fcategories&post=377"},{"taxonomy":"post_tag","embeddable":true,"href":"https:\/\/www.news.veerst.info\/index.php?rest_route=%2Fwp%2Fv2%2Ftags&post=377"}],"curies":[{"name":"wp","href":"https:\/\/api.w.org\/{rel}","templated":true}]}}