{"id":38,"date":"2009-05-17T15:26:44","date_gmt":"2009-05-17T15:26:44","guid":{"rendered":"https:\/\/www.news.veerst.info\/?p=38"},"modified":"2009-05-17T15:26:44","modified_gmt":"2009-05-17T15:26:44","slug":"kaert-barn-har-mange-navne-2","status":"publish","type":"post","link":"https:\/\/www.news.veerst.info\/?p=38","title":{"rendered":"K\u00e6rt barn har mange navne"},"content":{"rendered":"<p class=\"MsoNormal\" style=\"margin: 0cm 0cm 10pt;\"><span style=\"font-family: Calibri;\">N\u00e5r man k\u00f8rer fra Egtved mod Veerst, alts\u00e5 i Vejle Kommune, staves bynavnet kun med \u00e9t \u201de\u201d. B\u00e5de p\u00e5 de store r\u00f8de skilte med kilometeranvisning og p\u00e5 gadeskiltene. Bynavnet staves oven i k\u00f8bet forkert p\u00e5 GPS\u00b4en s\u00e5 l\u00e6nge man f\u00e6rdes i Vejle Kommune. <\/span><\/p>\n<p class=\"MsoNormal\" style=\"margin: 0cm 0cm 10pt;\"><span style=\"font-family: Calibri;\"><img decoding=\"async\" loading=\"lazy\" class=\" size-full wp-image-32\" src=\"https:\/\/www.news.veerst.info\/wp-content\/uploads\/2009\/05\/Veerst1.jpg\" alt=\"Veerst1\" width=\"545\" height=\"307\" width=\"545\" height=\"306\" srcset=\"https:\/\/www.news.veerst.info\/wp-content\/uploads\/2009\/05\/Veerst1.jpg 545w, https:\/\/www.news.veerst.info\/wp-content\/uploads\/2009\/05\/Veerst1-300x168.jpg 300w\" sizes=\"(max-width: 545px) 100vw, 545px\" \/><\/span><\/p>\n<p class=\"MsoNormal\" style=\"margin: 0cm 0cm 10pt;\"><span style=\"font-family: Calibri;\"><img decoding=\"async\" loading=\"lazy\" class=\" size-full wp-image-31\" src=\"https:\/\/www.news.veerst.info\/wp-content\/uploads\/2009\/05\/Veerst2.jpg\" alt=\"Veerst2\" width=\"545\" height=\"307\" width=\"545\" height=\"307\" srcset=\"https:\/\/www.news.veerst.info\/wp-content\/uploads\/2009\/05\/Veerst2.jpg 545w, https:\/\/www.news.veerst.info\/wp-content\/uploads\/2009\/05\/Veerst2-300x168.jpg 300w\" sizes=\"(max-width: 545px) 100vw, 545px\" \/><\/span><\/p>\n<p class=\"MsoNormal\" style=\"margin: 0cm 0cm 10pt;\"><span style=\"font-family: Calibri;\"><img decoding=\"async\" loading=\"lazy\" class=\" size-full wp-image-33\" src=\"https:\/\/www.news.veerst.info\/wp-content\/uploads\/2009\/05\/Veerst3.jpg\" alt=\"Veerst3\" width=\"545\" height=\"307\" width=\"545\" height=\"306\" srcset=\"https:\/\/www.news.veerst.info\/wp-content\/uploads\/2009\/05\/Veerst3.jpg 545w, https:\/\/www.news.veerst.info\/wp-content\/uploads\/2009\/05\/Veerst3-300x168.jpg 300w\" sizes=\"(max-width: 545px) 100vw, 545px\" \/><\/span><\/p>\n<p class=\"MsoNormal\" style=\"margin: 0cm 0cm 10pt;\"><span style=\"font-family: Calibri;\">S\u00e5 snart man overskrider gr\u00e6nsen til Vejen Kommune \u00e6ndres stavem\u00e5den til \u201dVeerst\u201d, ikke bare p\u00e5 samtlige skilte, men s\u00e5 sandelig ogs\u00e5 p\u00e5 GPS\u00b4en.<\/span><\/p>\n<p class=\"MsoNormal\" style=\"margin: 0cm 0cm 10pt;\"><img decoding=\"async\" loading=\"lazy\" class=\" size-full wp-image-34\" src=\"https:\/\/www.news.veerst.info\/wp-content\/uploads\/2009\/05\/Veerst4.jpg\" alt=\"Veerst4\" width=\"545\" height=\"307\" width=\"545\" height=\"306\" srcset=\"https:\/\/www.news.veerst.info\/wp-content\/uploads\/2009\/05\/Veerst4.jpg 545w, https:\/\/www.news.veerst.info\/wp-content\/uploads\/2009\/05\/Veerst4-300x168.jpg 300w\" sizes=\"(max-width: 545px) 100vw, 545px\" \/><\/p>\n<p class=\"MsoNormal\" style=\"margin: 0cm 0cm 10pt;\"><span style=\"font-family: Calibri;\"><img decoding=\"async\" loading=\"lazy\" class=\" size-full wp-image-35\" src=\"https:\/\/www.news.veerst.info\/wp-content\/uploads\/2009\/05\/Veerst5.jpg\" alt=\"Veerst5\" width=\"545\" height=\"307\" width=\"545\" height=\"306\" \/><\/span><\/p>\n<p class=\"MsoNormal\" style=\"margin: 0cm 0cm 10pt;\"><span style=\"font-family: Calibri;\"><img decoding=\"async\" loading=\"lazy\" class=\" size-full wp-image-36\" src=\"https:\/\/www.news.veerst.info\/wp-content\/uploads\/2009\/05\/Veerst6.jpg\" alt=\"Veerst6\" width=\"545\" height=\"307\" width=\"545\" height=\"306\" srcset=\"https:\/\/www.news.veerst.info\/wp-content\/uploads\/2009\/05\/Veerst6.jpg 545w, https:\/\/www.news.veerst.info\/wp-content\/uploads\/2009\/05\/Veerst6-300x168.jpg 300w\" sizes=\"(max-width: 545px) 100vw, 545px\" \/><\/span><\/p>\n<p class=\"MsoNormal\" style=\"margin: 0cm 0cm 10pt;\"><span style=\"font-family: Calibri;\">Sjovt er det ogs\u00e5 at det r\u00f8de skilt i Egtved har v\u00e6ret pillet ned et stykke tid p\u00e5 grund af en p\u00e5k\u00f8rsel. Nu er skiltet sat op igen, men det har ikke foranlediget Vejle Kommunes vejafdeling til at f\u00e5 stavem\u00e5den \u00e6ndret.<\/span><\/p>\n<p class=\"MsoNormal\" style=\"margin: 0cm 0cm 10pt;\"><span style=\"font-family: Calibri;\">Da vi bor i Vejen Kommune, kan man vel formode at den stavem\u00e5de der bruger d\u00e9r, er den rigtige? \u2026.. eller wa?<\/span><\/p>\n","protected":false},"excerpt":{"rendered":"<p>N\u00e5r man k\u00f8rer fra Egtved mod Veerst, alts\u00e5 i Vejle Kommune, staves bynavnet kun med \u00e9t \u201de\u201d. B\u00e5de p\u00e5 de store r\u00f8de skilte med kilometeranvisning og p\u00e5 gadeskiltene. Bynavnet staves oven i k\u00f8bet forkert p\u00e5 GPS\u00b4en s\u00e5 l\u00e6nge man f\u00e6rdes&hellip;<\/p>\n<p class=\"more-link-p\"><a class=\"more-link\" href=\"https:\/\/www.news.veerst.info\/?p=38\">Read more &rarr;<\/a><\/p>\n","protected":false},"author":1,"featured_media":32,"comment_status":"open","ping_status":"open","sticky":false,"template":"","format":"standard","meta":[],"categories":[18],"tags":[],"_links":{"self":[{"href":"https:\/\/www.news.veerst.info\/index.php?rest_route=\/wp\/v2\/posts\/38"}],"collection":[{"href":"https:\/\/www.news.veerst.info\/index.php?rest_route=\/wp\/v2\/posts"}],"about":[{"href":"https:\/\/www.news.veerst.info\/index.php?rest_route=\/wp\/v2\/types\/post"}],"author":[{"embeddable":true,"href":"https:\/\/www.news.veerst.info\/index.php?rest_route=\/wp\/v2\/users\/1"}],"replies":[{"embeddable":true,"href":"https:\/\/www.news.veerst.info\/index.php?rest_route=%2Fwp%2Fv2%2Fcomments&post=38"}],"version-history":[{"count":0,"href":"https:\/\/www.news.veerst.info\/index.php?rest_route=\/wp\/v2\/posts\/38\/revisions"}],"wp:featuredmedia":[{"embeddable":true,"href":"https:\/\/www.news.veerst.info\/index.php?rest_route=\/wp\/v2\/media\/32"}],"wp:attachment":[{"href":"https:\/\/www.news.veerst.info\/index.php?rest_route=%2Fwp%2Fv2%2Fmedia&parent=38"}],"wp:term":[{"taxonomy":"category","embeddable":true,"href":"https:\/\/www.news.veerst.info\/index.php?rest_route=%2Fwp%2Fv2%2Fcategories&post=38"},{"taxonomy":"post_tag","embeddable":true,"href":"https:\/\/www.news.veerst.info\/index.php?rest_route=%2Fwp%2Fv2%2Ftags&post=38"}],"curies":[{"name":"wp","href":"https:\/\/api.w.org\/{rel}","templated":true}]}}