{"id":381,"date":"2014-04-13T19:25:58","date_gmt":"2014-04-13T19:25:58","guid":{"rendered":"https:\/\/www.news.veerst.info\/?p=381"},"modified":"2015-03-01T15:40:18","modified_gmt":"2015-03-01T15:40:18","slug":"landmarks-koer-pa-graes-og-lokalt-samrarbejde","status":"publish","type":"post","link":"https:\/\/www.news.veerst.info\/?p=381","title":{"rendered":"Landmarks k\u00f8er p\u00e5 gr\u00e6s &#8211; og lokalt samarbejde"},"content":{"rendered":"<p>Landmark inviterede vanen tro naboer og andre interesserede til at overv\u00e6re, hvordan malkek\u00f8erne gl\u00e6des over at komme p\u00e5 gr\u00e6s efter en lang vinter i stalden. F\u00f8r k\u00f8erne blev lukket ud i det fri, havde de mange bes\u00f8gende mulighed for at se, hvordan k\u00f8erne bliver malket i malkerobotten samt hvordan driften af en malkekv\u00e6gsbes\u00e6tning i \u00f8vrigt foreg\u00e5r.<\/p>\n<p><img decoding=\"async\" loading=\"lazy\" class=\" size-full wp-image-379\" alt=\"Niels_og_krydsningskalven_korr\" src=\"https:\/\/www.news.veerst.info\/wp-content\/uploads\/2014\/04\/Niels_og_krydsningskalven_korr.jpg\" height=\"360\" width=\"640\" width=\"640\" height=\"360\" srcset=\"https:\/\/www.news.veerst.info\/wp-content\/uploads\/2014\/04\/Niels_og_krydsningskalven_korr.jpg 640w, https:\/\/www.news.veerst.info\/wp-content\/uploads\/2014\/04\/Niels_og_krydsningskalven_korr-300x169.jpg 300w\" sizes=\"(max-width: 640px) 100vw, 640px\" \/><\/p>\n<h2>K\u00f8dkv\u00e6gsracer krydses ind i nogle af kalvene<br \/><\/h2>\n<p>Niels Landmark fortalte blandt andet om, hvordan man satser mere p\u00e5 at inseminere k\u00f8erne med k\u00f8dkv\u00e6gsracer for at opn\u00e5 en bedre \u00f8konomi i k\u00f8dproduktionen. P\u00e5 billedet ovenfor ses en af disse krydsninger. Kalven har haft en dramatisk start p\u00e5 livet, og var n\u00e6r g\u00e5et tabt efter f\u00f8dslen, men det lykkedes for Niels Peter og dyrl\u00e6gen at redde kalven. N\u00e5r den bliver en smule st\u00f8rre, bliver den solgt til en \u00f8kologisk landmand fra Jordrup, som Niels Peter Landmark samrarbejder med. Det giver bedre drifts\u00f8konomi at fede kalven op p\u00e5 en bedrift, som er specialiseret i k\u00f8dkv\u00e6gsproduktion fremfor at fede den op hos Niels Peter, som har specialiseret sig i produktion af \u00f8kologisk m\u00e6lk.<\/p>\n<h2>K\u00f8erne dansede<br \/><\/h2>\n<p>Da de mange bes\u00f8gende havde besigtiget staldene og f\u00e5et oplysninger om driften, kunne alle forsikre sig om, at k\u00f8erne reagerer med stor gl\u00e6de og begejstring, n\u00e5r de slippes ud p\u00e5 gr\u00e6smarkerne.<\/p>\n<p><img decoding=\"async\" loading=\"lazy\" class=\" size-full wp-image-380\" alt=\"Ko_danser_korr\" src=\"https:\/\/www.news.veerst.info\/wp-content\/uploads\/2014\/04\/Ko_danser_korr.jpg\" height=\"360\" width=\"640\" width=\"640\" height=\"360\" srcset=\"https:\/\/www.news.veerst.info\/wp-content\/uploads\/2014\/04\/Ko_danser_korr.jpg 640w, https:\/\/www.news.veerst.info\/wp-content\/uploads\/2014\/04\/Ko_danser_korr-300x169.jpg 300w\" sizes=\"(max-width: 640px) 100vw, 640px\" \/><\/p>\n<p>Billedet taler for sig selv. <a href=\"https:\/\/www.news.veerst.info\/?p=207\">Se ogs\u00e5 video-reportagen<\/a>, hvor Niels Peter ogs\u00e5 fort\u00e6ller om transponderer og hvordan malkerobotten selv s\u00f8rger for at holde \u00f8je med k\u00f8ernes sundhedstilstand, s\u00e5 vi altid kan v\u00e6re sikre p\u00e5 at f\u00e5 sund m\u00e6lk.<\/p>\n<p>\u00a0<\/p>\n","protected":false},"excerpt":{"rendered":"<p>Landmark inviterede vanen tro naboer og andre interesserede til at overv\u00e6re, hvordan malkek\u00f8erne gl\u00e6des over at komme p\u00e5 gr\u00e6s efter en lang vinter i stalden. F\u00f8r k\u00f8erne blev lukket ud i det fri, havde de mange bes\u00f8gende mulighed for at&hellip;<\/p>\n<p class=\"more-link-p\"><a class=\"more-link\" href=\"https:\/\/www.news.veerst.info\/?p=381\">Read more &rarr;<\/a><\/p>\n","protected":false},"author":1,"featured_media":379,"comment_status":"open","ping_status":"open","sticky":false,"template":"","format":"standard","meta":[],"categories":[18],"tags":[],"_links":{"self":[{"href":"https:\/\/www.news.veerst.info\/index.php?rest_route=\/wp\/v2\/posts\/381"}],"collection":[{"href":"https:\/\/www.news.veerst.info\/index.php?rest_route=\/wp\/v2\/posts"}],"about":[{"href":"https:\/\/www.news.veerst.info\/index.php?rest_route=\/wp\/v2\/types\/post"}],"author":[{"embeddable":true,"href":"https:\/\/www.news.veerst.info\/index.php?rest_route=\/wp\/v2\/users\/1"}],"replies":[{"embeddable":true,"href":"https:\/\/www.news.veerst.info\/index.php?rest_route=%2Fwp%2Fv2%2Fcomments&post=381"}],"version-history":[{"count":1,"href":"https:\/\/www.news.veerst.info\/index.php?rest_route=\/wp\/v2\/posts\/381\/revisions"}],"predecessor-version":[{"id":399,"href":"https:\/\/www.news.veerst.info\/index.php?rest_route=\/wp\/v2\/posts\/381\/revisions\/399"}],"wp:featuredmedia":[{"embeddable":true,"href":"https:\/\/www.news.veerst.info\/index.php?rest_route=\/wp\/v2\/media\/379"}],"wp:attachment":[{"href":"https:\/\/www.news.veerst.info\/index.php?rest_route=%2Fwp%2Fv2%2Fmedia&parent=381"}],"wp:term":[{"taxonomy":"category","embeddable":true,"href":"https:\/\/www.news.veerst.info\/index.php?rest_route=%2Fwp%2Fv2%2Fcategories&post=381"},{"taxonomy":"post_tag","embeddable":true,"href":"https:\/\/www.news.veerst.info\/index.php?rest_route=%2Fwp%2Fv2%2Ftags&post=381"}],"curies":[{"name":"wp","href":"https:\/\/api.w.org\/{rel}","templated":true}]}}