{"id":385,"date":"2014-04-26T22:06:17","date_gmt":"2014-04-26T22:06:17","guid":{"rendered":"https:\/\/www.news.veerst.info\/?p=385"},"modified":"2015-03-23T22:31:26","modified_gmt":"2015-03-23T22:31:26","slug":"dm-i-rally-i-veerst","status":"publish","type":"post","link":"https:\/\/www.news.veerst.info\/?p=385","title":{"rendered":"DM i Rally i Veerst"},"content":{"rendered":"<p>Der blev k\u00f8rt meget st\u00e6rkt rundt om Veerst da Danmarksmesterskaberne i rally 2014 lagde nogle af sine ruter og pr\u00f8ver i Veerst den 26. april. Foreningerne i Veerst havde s\u00f8rget for, at alle interesserede kunne k\u00f8be sig en forfriskning p\u00e5 stadion, herunder kolde fad\u00f8l. I det gode sommervejr med h\u00f8j sol blev der s\u00e5ledes skabt en rigtig hyggelig dag for de mange femm\u00f8dte.<\/p>\n<p><img decoding=\"async\" loading=\"lazy\" class=\" size-full wp-image-382\" src=\"https:\/\/www.news.veerst.info\/wp-content\/uploads\/2014\/04\/Spaending_tilskuere_rally_14.jpg\" alt=\"Spaending_tilskuere_rally_14\" width=\"563\" height=\"480\" srcset=\"https:\/\/www.news.veerst.info\/wp-content\/uploads\/2014\/04\/Spaending_tilskuere_rally_14.jpg 563w, https:\/\/www.news.veerst.info\/wp-content\/uploads\/2014\/04\/Spaending_tilskuere_rally_14-300x256.jpg 300w\" sizes=\"(max-width: 563px) 100vw, 563px\" \/><\/p>\n<p>Racerbilerne k\u00f8rte meget st\u00e6rkt, hvilket \u00f8gede sp\u00e6ndingsmomentet for de mange fotografer. P\u00e5 biledet ses tre unge mennesker, som fors\u00f8ger at f\u00e5 et billede af bilen f\u00f8r den er passeret.<\/p>\n<p><img decoding=\"async\" loading=\"lazy\" class=\" size-full wp-image-383\" src=\"https:\/\/www.news.veerst.info\/wp-content\/uploads\/2014\/04\/Peter_Svendsen_Rally.jpg\" alt=\"Peter_Svendsen_Rally\" width=\"640\" height=\"360\" srcset=\"https:\/\/www.news.veerst.info\/wp-content\/uploads\/2014\/04\/Peter_Svendsen_Rally.jpg 640w, https:\/\/www.news.veerst.info\/wp-content\/uploads\/2014\/04\/Peter_Svendsen_Rally-300x169.jpg 300w\" sizes=\"(max-width: 640px) 100vw, 640px\" \/><\/p>\n<p>Stemningen var rigtig god p\u00e5 stadion, hvor de kolde fad\u00f8l bidrog til den rigtige rally-tilskuer-stemning, s\u00e5 man kunne nyde de flotte racerbiler. Kendinge af Rally talte en del om den \u00e6ldre Opel Mantra, som deltog i \u00e5rets mesterskab. Bilerne blev da ogs\u00e5 studeret og fotograferet meget. <a href=\"https:\/\/www.news.veerst.info\/?p=207\">Se eventuelt videoen fra l\u00f8bet<\/a>.<\/p>\n<p><img decoding=\"async\" loading=\"lazy\" class=\" size-full wp-image-384\" src=\"https:\/\/www.news.veerst.info\/wp-content\/uploads\/2014\/04\/Racerbil_rally_14.jpg\" alt=\"Racerbil_rally_14\" width=\"640\" height=\"360\" srcset=\"https:\/\/www.news.veerst.info\/wp-content\/uploads\/2014\/04\/Racerbil_rally_14.jpg 640w, https:\/\/www.news.veerst.info\/wp-content\/uploads\/2014\/04\/Racerbil_rally_14-300x169.jpg 300w\" sizes=\"(max-width: 640px) 100vw, 640px\" \/><\/p>\n<p>Bilerne k\u00f8rte desv\u00e6rre en lidt anden rute end oprindeligt t\u00e6nkt p\u00e5 grund af nogle problemer med en skovvej, som ikke blev l\u00f8st f\u00f8r l\u00f8bet. Derfor tog bilerne en &#8220;omvendt vej&#8221; gennem Veerst. Men p\u00e5 trods af dette, kom der alligevel mange tilskuere ind p\u00e5 stadion.<\/p>\n","protected":false},"excerpt":{"rendered":"<p>Der blev k\u00f8rt meget st\u00e6rkt rundt om Veerst da Danmarksmesterskaberne i rally 2014 lagde nogle af sine ruter og pr\u00f8ver i Veerst den 26. april. Foreningerne i Veerst havde s\u00f8rget for, at alle interesserede kunne k\u00f8be sig en forfriskning p\u00e5&hellip;<\/p>\n<p class=\"more-link-p\"><a class=\"more-link\" href=\"https:\/\/www.news.veerst.info\/?p=385\">Read more &rarr;<\/a><\/p>\n","protected":false},"author":1,"featured_media":382,"comment_status":"open","ping_status":"open","sticky":false,"template":"","format":"standard","meta":[],"categories":[96,19],"tags":[],"_links":{"self":[{"href":"https:\/\/www.news.veerst.info\/index.php?rest_route=\/wp\/v2\/posts\/385"}],"collection":[{"href":"https:\/\/www.news.veerst.info\/index.php?rest_route=\/wp\/v2\/posts"}],"about":[{"href":"https:\/\/www.news.veerst.info\/index.php?rest_route=\/wp\/v2\/types\/post"}],"author":[{"embeddable":true,"href":"https:\/\/www.news.veerst.info\/index.php?rest_route=\/wp\/v2\/users\/1"}],"replies":[{"embeddable":true,"href":"https:\/\/www.news.veerst.info\/index.php?rest_route=%2Fwp%2Fv2%2Fcomments&post=385"}],"version-history":[{"count":2,"href":"https:\/\/www.news.veerst.info\/index.php?rest_route=\/wp\/v2\/posts\/385\/revisions"}],"predecessor-version":[{"id":415,"href":"https:\/\/www.news.veerst.info\/index.php?rest_route=\/wp\/v2\/posts\/385\/revisions\/415"}],"wp:featuredmedia":[{"embeddable":true,"href":"https:\/\/www.news.veerst.info\/index.php?rest_route=\/wp\/v2\/media\/382"}],"wp:attachment":[{"href":"https:\/\/www.news.veerst.info\/index.php?rest_route=%2Fwp%2Fv2%2Fmedia&parent=385"}],"wp:term":[{"taxonomy":"category","embeddable":true,"href":"https:\/\/www.news.veerst.info\/index.php?rest_route=%2Fwp%2Fv2%2Fcategories&post=385"},{"taxonomy":"post_tag","embeddable":true,"href":"https:\/\/www.news.veerst.info\/index.php?rest_route=%2Fwp%2Fv2%2Ftags&post=385"}],"curies":[{"name":"wp","href":"https:\/\/api.w.org\/{rel}","templated":true}]}}