{"id":40,"date":"2009-05-18T16:12:57","date_gmt":"2009-05-18T16:12:57","guid":{"rendered":"https:\/\/www.news.veerst.info\/?p=40"},"modified":"2009-05-18T16:12:57","modified_gmt":"2009-05-18T16:12:57","slug":"det-har-vi-ikke-brug-for-i-veerst","status":"publish","type":"post","link":"https:\/\/www.news.veerst.info\/?p=40","title":{"rendered":"Det har vi IKKE brug for i Veerst"},"content":{"rendered":"<p><span style=\"font-size: 12pt;\">Bussen, som st\u00e5r p\u00e5 hj\u00f8rnet af Varreg\u00e5rdvej og Kirkevej var natten mellem l\u00f8rdag den 16. maj og s\u00f8ndag den 17. maj udsat for indbrud og h\u00e6rv\u00e6rk. Vandalerne er kravlet op p\u00e5 taget af bussen via bagenden, lidt af en pr\u00e6station i sig selv, idet bussen er over 3 meter h\u00f8j. P\u00e5 taget er der opbrudt og \u00f8delagt en tagluge s\u00e5 man der igennem har f\u00e5et adgang til kabinen. I bussen har man s\u00e5 hygget sig med tobaksrygning og drysset aske og smidt skodder rundt omkring. Til sidst har h\u00e6rv\u00e6rksm\u00e6ndene\/drengene stj\u00e5let en pulverslukker, en gulvmoppe samt alle reng\u00f8ringsmidler, ligeledes er reklameskiltet bag p\u00e5 bussen forsvundet. Skilt samt moppe er dog senere fundet i den lille park overfor busholdepladsen.<\/span><\/p>\n<p><span style=\"font-size: 12pt;\">S\u00e5dan meningsl\u00f8st h\u00e6rv\u00e6rk har vi IKKE brug for i Veerst og s\u00e5fremt nogen ved noget om det skete vil vognmand Bent Thykj\u00e6r gerne informeres. H\u00e6rv\u00e6rket er naturligvis meldt til politiet.<\/span><\/p>\n<p><img decoding=\"async\" loading=\"lazy\" class=\" size-full wp-image-39\" height=\"398\" width=\"546\" src=\"https:\/\/www.news.veerst.info\/wp-content\/uploads\/2009\/05\/Bus.jpg\" alt=\"Bus\" width=\"640\" height=\"480\" \/><\/p>\n","protected":false},"excerpt":{"rendered":"<p>Bussen, som st\u00e5r p\u00e5 hj\u00f8rnet af Varreg\u00e5rdvej og Kirkevej var natten mellem l\u00f8rdag den 16. maj og s\u00f8ndag den 17. maj udsat for indbrud og h\u00e6rv\u00e6rk. Vandalerne er kravlet op p\u00e5 taget af bussen via bagenden, lidt af en pr\u00e6station&hellip;<\/p>\n<p class=\"more-link-p\"><a class=\"more-link\" href=\"https:\/\/www.news.veerst.info\/?p=40\">Read more &rarr;<\/a><\/p>\n","protected":false},"author":1,"featured_media":39,"comment_status":"open","ping_status":"open","sticky":false,"template":"","format":"standard","meta":[],"categories":[19],"tags":[],"_links":{"self":[{"href":"https:\/\/www.news.veerst.info\/index.php?rest_route=\/wp\/v2\/posts\/40"}],"collection":[{"href":"https:\/\/www.news.veerst.info\/index.php?rest_route=\/wp\/v2\/posts"}],"about":[{"href":"https:\/\/www.news.veerst.info\/index.php?rest_route=\/wp\/v2\/types\/post"}],"author":[{"embeddable":true,"href":"https:\/\/www.news.veerst.info\/index.php?rest_route=\/wp\/v2\/users\/1"}],"replies":[{"embeddable":true,"href":"https:\/\/www.news.veerst.info\/index.php?rest_route=%2Fwp%2Fv2%2Fcomments&post=40"}],"version-history":[{"count":0,"href":"https:\/\/www.news.veerst.info\/index.php?rest_route=\/wp\/v2\/posts\/40\/revisions"}],"wp:featuredmedia":[{"embeddable":true,"href":"https:\/\/www.news.veerst.info\/index.php?rest_route=\/wp\/v2\/media\/39"}],"wp:attachment":[{"href":"https:\/\/www.news.veerst.info\/index.php?rest_route=%2Fwp%2Fv2%2Fmedia&parent=40"}],"wp:term":[{"taxonomy":"category","embeddable":true,"href":"https:\/\/www.news.veerst.info\/index.php?rest_route=%2Fwp%2Fv2%2Fcategories&post=40"},{"taxonomy":"post_tag","embeddable":true,"href":"https:\/\/www.news.veerst.info\/index.php?rest_route=%2Fwp%2Fv2%2Ftags&post=40"}],"curies":[{"name":"wp","href":"https:\/\/api.w.org\/{rel}","templated":true}]}}