{"id":44,"date":"2009-05-30T22:35:18","date_gmt":"2009-05-30T22:35:18","guid":{"rendered":"https:\/\/www.news.veerst.info\/?p=44"},"modified":"2009-05-30T22:35:18","modified_gmt":"2009-05-30T22:35:18","slug":"borgerne-i-veerst-tegnede-den-fremtid-de-lever-i","status":"publish","type":"post","link":"https:\/\/www.news.veerst.info\/?p=44","title":{"rendered":"Borgerne i Veerst tegnede den fremtid som de lever i"},"content":{"rendered":"<p>Borgerne i Veerst var rykket ud p\u00e5 torvet i pinsesolen, for at tegne den fremtid de lever i. Det gode vejr fra morgenstunden f\u00f8rte nemlig til, at bylauget benyttede lejligheden til at d\u00e6kke op til den f\u00e6lles morgenmad for borgerne udend\u00f8rs p\u00e5 byens torv. Da man havde nydt det s\u00e6rdeles gode hjemmebagte br\u00f8d og den hjemmelavede marmelade gik borgerne bogstavelig talt i gang med <strong><em>at tegne den fremtid som de lever i. <\/em><\/strong>Om det var pinsesolen, br\u00f8det, marmeladen eller bare k\u00e6rlighed til byen, der gjorde udslaget, skal v\u00e6re usagt her, men nutiden og fremtiden blev i hvertfald b\u00e5de tegnet og forklaret.<\/p>\n<p><img decoding=\"async\" loading=\"lazy\" class=\" size-full wp-image-41\" alt=\"det_vil_vi_med_veerst\" src=\"https:\/\/www.news.veerst.info\/wp-content\/uploads\/2009\/05\/det_vil_vi_med_veerst.jpg\" width=\"640\" height=\"427\" width=\"640\" height=\"427\" srcset=\"https:\/\/www.news.veerst.info\/wp-content\/uploads\/2009\/05\/det_vil_vi_med_veerst.jpg 640w, https:\/\/www.news.veerst.info\/wp-content\/uploads\/2009\/05\/det_vil_vi_med_veerst-300x200.jpg 300w\" sizes=\"(max-width: 640px) 100vw, 640px\" \/><\/p>\n<h3>Inspiration til den videre udviklingsplanl\u00e6gning &#8211; en gr\u00f8n og international by<br \/><\/h3>\n<p>Bylauget, som lokalr\u00e5det i Veerst kalder sig, er glade for tegningerne. De prikker nemlig hul p\u00e5 en ny runde i udviklingen af Veerst som en selvst\u00e6ndig og aktiv by, hvor man ikke er bleg for at at s\u00e6tte ting i v\u00e6rk for at forandre situationen. N\u00e5r borgerne tegner fremtiden i Veerst, s\u00e5 ser byen da ogs\u00e5 anderledes ud end den g\u00f8r i dag. For eksempel k\u00f8rer der mange busser til Kolding, Lunderskov og Egtved i fremtiden ligesom byen ofte f\u00e5r bes\u00f8g af en bogbus.<\/p>\n<p>Kronborgvej og kirkevej er i fremtiden blevet en del af en &#8220;gr\u00f8n by&#8221; som har fortsat sit internationale pr\u00e6g. Fra Lunderskovvej og helt frem til at man kommer forbi kirken bliver der 30 km zone med trafik-chikaner til beskyttelse af b\u00f8rn og borgere i almindelighed. Det v\u00e6rds\u00e6tter de mange b\u00f8rnefamilier, som allerede bor i byen i dag, men ogs\u00e5 de nye familier, som flytter til den meget hyggelige <strong>gr\u00f8nne by<\/strong> med <strong>h\u00f8jt til loftet<\/strong>. De f\u00e5r dermed et meget bedre n\u00e6rmilj\u00f8 uden de mange lastbiler p\u00e5 gennemfart. I den fremtidige gr\u00f8nne by er man endda ogs\u00e5 helt fri for skidt og m\u00f8j, mens flagall\u00e9en, som byen er allerede nu er stolt af, ogs\u00e5 bliver en del af fremtidens gr\u00f8nne by.<\/p>\n<p><img decoding=\"async\" loading=\"lazy\" class=\" size-full wp-image-42\" alt=\"fortorvscafeen_30_maj_09\" src=\"https:\/\/www.news.veerst.info\/wp-content\/uploads\/2009\/05\/fortorvscafeen_30_maj_09.jpg\" width=\"640\" height=\"427\" width=\"640\" height=\"427\" \/><\/p>\n<p>Ved de runde borde tegnede bysb\u00f8rnene i f\u00e6llesskab en tegning, hvor de dels s\u00e5 med kritiske \u00f8jne p\u00e5 situationen dels s\u00e5 ind i fremtiden. Efterf\u00f8lgende pr\u00e6senterede man tegningerne for de andre bysb\u00f8rn. I fremtiden vil kirken i Veerst sogn for eksempel genlyde af Gospel, korsang og koncerter j\u00e6vnf\u00f8r tegningerne, mens forsamlingshuset har f\u00e5et flere funktioner s\u00e5som b\u00f8rnehave, skole og aktivitetshus. Grunden med det gamle rensningsanl\u00e6g har ogs\u00e5 f\u00e5et en mere aktiv rolle i fremtidens Veerst og byens borgere m\u00f8der oftere hinanden, m\u00e5ske lidt tilf\u00e6ldigt, fordi de har f\u00e5et placeret mange af byens aktiviteter t\u00e6t ved hinanden.<\/p>\n<h3>En ny film om Veerst &#8211; m\u00e5ske bliver den kult<\/h3>\n<p>Bylauget har med hj\u00e6lp fra Jan Ryom udarbejdet et manuskript til en info- og reklamefilm, som snart skal filmes on location i Veerst. Faktisk skal det allerede ske i juni m\u00e5ned. Jan Ryom, som snart bliver cand mag ved Syddansk universitet i Kolding, ses nedenfor p\u00e5 billedet i f\u00e6rd med at besvare sp\u00f8rgsm\u00e5l fra borgerne om manuskriptet til filmen. Filmen om Veerst er dog ikke en del af hans studie. Men Jan er fra Veerst, s\u00e5 det har v\u00e6ret meget naturligt at hj\u00e6lpe bylauget med at skabe fort\u00e6llingen om Veerst.<\/p>\n<p><img decoding=\"async\" loading=\"lazy\" class=\" size-full wp-image-43\" alt=\"manuskriptet_diskuteres\" src=\"https:\/\/www.news.veerst.info\/wp-content\/uploads\/2009\/05\/manuskriptet_diskuteres.jpg\" width=\"640\" height=\"427\" width=\"640\" height=\"427\" srcset=\"https:\/\/www.news.veerst.info\/wp-content\/uploads\/2009\/05\/manuskriptet_diskuteres.jpg 640w, https:\/\/www.news.veerst.info\/wp-content\/uploads\/2009\/05\/manuskriptet_diskuteres-300x200.jpg 300w\" sizes=\"(max-width: 640px) 100vw, 640px\" \/><\/p>\n<p>Jan Ryom og bylauget er enige om, at den kommende film bliver anderledes end den slags korte infofilm, som man typisk vil forvente at se. Bylauget havde udarbejdet et powerpointshow, som illustrerede scenerne i den kommende film, til den f\u00e6lles morgenmad. Det bliver eventuelt tilg\u00e6ngeligt for de registrerede brugere af Veerst.dk. De vil\u00a0 snart kunne finde mere om manuskriptet under udviklingsplaner under Bylaug &amp; Lokalr\u00e5d her p\u00e5 Veerst.dk.<\/p>\n<p>I forbindelse med omtalen af den kommende film, kom man ind p\u00e5, at Veerst.dk gerne skal bruges noget mere. Flere udtrykte interesse for, at byens historie bliver beskrevet indg\u00e5ende p\u00e5 Veerst.dk. Man \u00f8nsker at flere borgere i byen engagerer sig i dette og begynder at skrive om historien mm. p\u00e5 Veerst.dk. De gamle film om Veerst, \u00f8nsker man ogs\u00e5 at f\u00e5 gjort tilg\u00e6ngelige p\u00e5 byens hjemmeside.<\/p>\n<h3>Mere omfattende udviklingsplaner til efter\u00e5ret<\/h3>\n<p>Bylauget regner med, at &#8220;tegning af den fremtid vi lever i&#8221; medvirker til, at debatten blandt byens borgere vil forts\u00e6tte. Hensigten er s\u00e5ledes, at der afholdes et borgerm\u00f8de i l\u00f8bet af efter\u00e5ret med henblik p\u00e5, at byen f\u00e5r udarbejdet en egentlig udviklingsplan, s\u00e5 alle de gode intentioner i tegningerne fra denne solrige eftermiddag kan blive en del af den fremtid som Veerst skal leve i.<\/p>\n<p>\u00a0<\/p>\n<p>\u00a0<\/p>\n","protected":false},"excerpt":{"rendered":"<p>Borgerne i Veerst var rykket ud p\u00e5 torvet i pinsesolen, for at tegne den fremtid de lever i. Det gode vejr fra morgenstunden f\u00f8rte nemlig til, at bylauget benyttede lejligheden til at d\u00e6kke op til den f\u00e6lles morgenmad for borgerne&hellip;<\/p>\n<p class=\"more-link-p\"><a class=\"more-link\" href=\"https:\/\/www.news.veerst.info\/?p=44\">Read more &rarr;<\/a><\/p>\n","protected":false},"author":1,"featured_media":41,"comment_status":"open","ping_status":"open","sticky":false,"template":"","format":"standard","meta":[],"categories":[17],"tags":[],"_links":{"self":[{"href":"https:\/\/www.news.veerst.info\/index.php?rest_route=\/wp\/v2\/posts\/44"}],"collection":[{"href":"https:\/\/www.news.veerst.info\/index.php?rest_route=\/wp\/v2\/posts"}],"about":[{"href":"https:\/\/www.news.veerst.info\/index.php?rest_route=\/wp\/v2\/types\/post"}],"author":[{"embeddable":true,"href":"https:\/\/www.news.veerst.info\/index.php?rest_route=\/wp\/v2\/users\/1"}],"replies":[{"embeddable":true,"href":"https:\/\/www.news.veerst.info\/index.php?rest_route=%2Fwp%2Fv2%2Fcomments&post=44"}],"version-history":[{"count":0,"href":"https:\/\/www.news.veerst.info\/index.php?rest_route=\/wp\/v2\/posts\/44\/revisions"}],"wp:featuredmedia":[{"embeddable":true,"href":"https:\/\/www.news.veerst.info\/index.php?rest_route=\/wp\/v2\/media\/41"}],"wp:attachment":[{"href":"https:\/\/www.news.veerst.info\/index.php?rest_route=%2Fwp%2Fv2%2Fmedia&parent=44"}],"wp:term":[{"taxonomy":"category","embeddable":true,"href":"https:\/\/www.news.veerst.info\/index.php?rest_route=%2Fwp%2Fv2%2Fcategories&post=44"},{"taxonomy":"post_tag","embeddable":true,"href":"https:\/\/www.news.veerst.info\/index.php?rest_route=%2Fwp%2Fv2%2Ftags&post=44"}],"curies":[{"name":"wp","href":"https:\/\/api.w.org\/{rel}","templated":true}]}}