{"id":46,"date":"2009-06-18T23:00:00","date_gmt":"2009-06-18T23:00:00","guid":{"rendered":"https:\/\/www.news.veerst.info\/?p=46"},"modified":"2009-06-18T23:00:00","modified_gmt":"2009-06-18T23:00:00","slug":"meld-dig-pa-banen-nu-og-vaer-med-til-ay-vise-veerst-frem-den-28-juni-fa-din-forening-eller-firma-med-i-filmen-om-veerst","status":"publish","type":"post","link":"https:\/\/www.news.veerst.info\/?p=46","title":{"rendered":"F\u00e5 din forening eller dit firma vist frem i filmen &#8211; m\u00f8d op den 28. juni kl 15"},"content":{"rendered":"<p>Meld dig p\u00e5 banen og m\u00f8d frem i forsamlingshuset kl 15:00 den 28. juni, hvis du vil sikre dig, at din forening eller dit firma bliver set p\u00e5 infofilmen om Veerst. Bylauget har allerede talt med flere virksomheder i Veerst, som vil medvirke i filmen. Vi pr\u00f8ver at f\u00e5 kontakt til foreningerne, men vi kender ikke til alle, ligesom vi heller ikke er sikre p\u00e5, at vi har f\u00e5et adviseret alle virksomheder. Men vil vil gerne sikre os, at alle, b\u00e5de foreninger og firmaer, f\u00e5r mulighed for at blive vist i filmen, som skal reklammere for Veerst i forskellige sammenh\u00e6nge. Derfor: M\u00f8d op!<\/p>\n<h3>M\u00f8d op i forsamlingshuset og vis din forening og dit firma til omverdenen<br \/><\/h3>\n<p>Vi opfordrer hermed alle borgere i Veerst til at m\u00f8de frem i forsamlingshuset kl 15:00 s\u00f8ndag den 28. juni med henblik p\u00e5 at v\u00e6re med til at forme filmen endeligt. Jo flere der kommer, jo bedre. Filmen optages den 28. juni.<\/p>\n<p>Bylauget har udarbejdet et manuskript til filmen, som indeb\u00e6rer, at fiktion blandes med dokumentarisme. P\u00e5 et tidspunkt i handlingsforl\u00f8bet, pr\u00e6ssenteres alle selvst\u00e6ndige, foreninger og aktiviteter i byen. Her vil vi gerne have den enkelte virksomhed og forening til at fremst\u00e5 med en person, et skilt etc. Det kan man g\u00f8re ved at m\u00f8de op i forsamlingshuset, hvor Jeppe S\u00f8e vil filme fra kl 15 og frem.<\/p>\n<p>P\u00e5 et andet tidspunkt i handlingsforl\u00f8bet vil udvalgte folk (fra firmaer og foreninger) blive interviewet, og der kan blive tale om, at der skal filmes p\u00e5 deres lokaliteter. Bylauget tr\u00e6ffer ikke afg\u00f8relsen af hvem der v\u00e6lges ud, derfor er I alle sammen n\u00f8dt til at m\u00f8de frem. P\u00e5 et tidspunkt i handlingsforl\u00f8bet skal en fremmed person vinke farvel til byen Veerst efter sit bes\u00f8g. Til den scene har vi brug for at alle borgerne i Veerst er tilstede &#8211; ideelt set. Jo flere borgere fra Veerst der optr\u00e6der i den scene, jo bedre vil det tage sig ud overfor de andre landsbyers film.<\/p>\n<p>Det afg\u00f8res den 15. juni efter kl 15:00 hvilke firmaer, foreninger og aktiviteter, der v\u00e6lges ud til n\u00e6rmere interview. S\u00e5 din forening eller dit firma vil blive fremvist sammen med i hvertfald f\u00f8lgende firmaer fra Veerst, n\u00e5r du m\u00f8der frem:<\/p>\n<div>\n<p>Calbar<\/p>\n<\/p><\/div>\n<div>\n<p>ML<\/p>\n<\/p><\/div>\n<div>\n<p>HJ Teknik<\/p>\n<\/p><\/div>\n<div>\n<p>Folio og Tekstil<\/p>\n<\/p><\/div>\n<div>\n<p>Trophy Art<\/p>\n<\/p><\/div>\n<div>\n<p>Hyldtoft Tag<\/p>\n<\/p><\/div>\n<p><em>(vi fors\u00f8ger l\u00f8bende at udvide listen! Vi ser gerne alle foreninger og firmaer i Veerst p\u00e5 listen. <a href=\"index.php?option=com_contact&amp;view=contact&amp;catid=12&amp;id=1\">Henvend dig gerne til bylauget, hvis du f\u00f8ler at du mangler p\u00e5 listen<\/a>)<\/em><\/p>\n<h3>Hvad skal filmen bruges til?<\/h3>\n<p>Filmen betales af <a href=\"http:\/\/www.lag-vejen.dk\/projekter\/projekt-udviklingsplaner-og-synliggoerelse\/\">Vejen LAG<\/a> og Vejen kommune p\u00e5 initiativ af <a href=\"http:\/\/vejenland.dk\/\">F\u00e6llesr\u00e5det for landsbyer i Vejen kommune<\/a>. Filmen skal vise vores ansigt udadtil og synligg\u00f8re, hvad vi st\u00e5r for som landsby, samt at vi er godt p\u00e5 vej ind i fremtiden. I Veerst har bylauget valgt at blande fiktion med dokumentar. Hovedid\u00e9en er at en fremmed person ser n\u00e6rmere p\u00e5 hvem vi er, hvad vi g\u00f8r og hvad vi st\u00e5r for. Borgerne i Veerst kan samtidigt selv medvirke &#8211; endda alle sammen p\u00e5 en gang. Derfor regner vi med, at filmen bliver god at have liggende diverse steder, lige fra ejendomsm\u00e6glere til YouTube. I f\u00f8rste omgang kommer filmen til at optr\u00e6de sammen med de 21 andre landsbyers film fra Vejen kommune. Det er endnu en grund til at m\u00f8de frem p\u00e5 s\u00f8ndag den 28. juni.<\/p>\n<p><em>Bylauget i Veerst<\/em><\/p>\n<p><em><img decoding=\"async\" loading=\"lazy\" class=\" size-full wp-image-45\" src=\"https:\/\/www.news.veerst.info\/wp-content\/uploads\/2009\/06\/forsamlingshus_veerst2.jpg\" alt=\"forsamlingshus_veerst2\" height=\"311\" width=\"467\" width=\"467\" height=\"311\" srcset=\"https:\/\/www.news.veerst.info\/wp-content\/uploads\/2009\/06\/forsamlingshus_veerst2.jpg 467w, https:\/\/www.news.veerst.info\/wp-content\/uploads\/2009\/06\/forsamlingshus_veerst2-300x199.jpg 300w\" sizes=\"(max-width: 467px) 100vw, 467px\" \/><br \/><\/em><\/p>\n","protected":false},"excerpt":{"rendered":"<p>Meld dig p\u00e5 banen og m\u00f8d frem i forsamlingshuset kl 15:00 den 28. juni, hvis du vil sikre dig, at din forening eller dit firma bliver set p\u00e5 infofilmen om Veerst. Bylauget har allerede talt med flere virksomheder i Veerst,&hellip;<\/p>\n<p class=\"more-link-p\"><a class=\"more-link\" href=\"https:\/\/www.news.veerst.info\/?p=46\">Read more &rarr;<\/a><\/p>\n","protected":false},"author":1,"featured_media":45,"comment_status":"open","ping_status":"open","sticky":false,"template":"","format":"standard","meta":[],"categories":[17],"tags":[],"_links":{"self":[{"href":"https:\/\/www.news.veerst.info\/index.php?rest_route=\/wp\/v2\/posts\/46"}],"collection":[{"href":"https:\/\/www.news.veerst.info\/index.php?rest_route=\/wp\/v2\/posts"}],"about":[{"href":"https:\/\/www.news.veerst.info\/index.php?rest_route=\/wp\/v2\/types\/post"}],"author":[{"embeddable":true,"href":"https:\/\/www.news.veerst.info\/index.php?rest_route=\/wp\/v2\/users\/1"}],"replies":[{"embeddable":true,"href":"https:\/\/www.news.veerst.info\/index.php?rest_route=%2Fwp%2Fv2%2Fcomments&post=46"}],"version-history":[{"count":0,"href":"https:\/\/www.news.veerst.info\/index.php?rest_route=\/wp\/v2\/posts\/46\/revisions"}],"wp:featuredmedia":[{"embeddable":true,"href":"https:\/\/www.news.veerst.info\/index.php?rest_route=\/wp\/v2\/media\/45"}],"wp:attachment":[{"href":"https:\/\/www.news.veerst.info\/index.php?rest_route=%2Fwp%2Fv2%2Fmedia&parent=46"}],"wp:term":[{"taxonomy":"category","embeddable":true,"href":"https:\/\/www.news.veerst.info\/index.php?rest_route=%2Fwp%2Fv2%2Fcategories&post=46"},{"taxonomy":"post_tag","embeddable":true,"href":"https:\/\/www.news.veerst.info\/index.php?rest_route=%2Fwp%2Fv2%2Ftags&post=46"}],"curies":[{"name":"wp","href":"https:\/\/api.w.org\/{rel}","templated":true}]}}