{"id":5,"date":"2009-04-11T21:00:37","date_gmt":"2009-04-11T21:00:37","guid":{"rendered":"https:\/\/www.news.veerst.info\/?p=5"},"modified":"2015-03-01T15:40:16","modified_gmt":"2015-03-01T15:40:16","slug":"om-veerstdk","status":"publish","type":"post","link":"https:\/\/www.news.veerst.info\/?p=5","title":{"rendered":"Om Veerst.dk"},"content":{"rendered":"<h3>Team Veerst.dk &#8211; Open Source Nyhedsportal \/ Internetavis &#8211; hvor alle kan v\u00e6re med<\/h3>\n<h3><em>&#8211; Projektet: Udviklingsplaner- og synligg\u00f8relse af 2009 &#8211; igangsat af LAG-Vejen \/ F\u00e6llesr\u00e5det<\/em><\/h3>\n<div>Se LAG-Vejens beskrivelse her: <a href=\"http:\/\/www.lag-vejen.dk\/projekter\/projekt-udviklingsplaner-og-synliggoerelse\/\">http:\/\/www.lag-vejen.dk\/projekter\/projekt-udviklingsplaner-og-synliggoerelse\/<\/a><\/div>\n<p>Internetavisen og portalen &#8220;Veerst.dk&#8221; blev til i forbindelse med at LAG-Vejen og F\u00e6llesr\u00e5det for landsbyer i Vejen kommune opfordrede landsbyerne til hver is\u00e6r at udvikle hjemmesider. Siden har projektet udviklet sig.<\/p>\n<p>Veerst.dk er bygget op, udelukkende af frivillige fra Veerst og stilles frit til r\u00e5dighed for alle interesserede borgere, og foreninger i Veerst til frivilligt arbejde. Projektet blev startet i starten af 2009, hvor nogle borgere havde efterlyst en hjemmeside og Vejen-LAG havde sammen med F\u00e6llesr\u00e5det startet et projekt om synligg\u00f8relse af landsbyerne i kommunen. Nogle frivillige i Veerst begyndte derfor at bygge en hjemmeside for sognet op p\u00e5 dom\u00e6net: Veerst.dk.<\/p>\n<p>Netavisen var fra starten knyttet sammen med tankerne om lokalr\u00e5d, selvforvaltning og udvikling i de enkelte landdistrikter\/landsbyer. Siden opstarten af Avisen\/Portalen: Veerst.dk i 2009, er lokalr\u00e5det ikke l\u00e6ngere hvilende i Bylauget og de frivillige kr\u00e6fter bag Veerst.dk fortsatte arbejdet med at udbygge teknikken bag portalen og d\u00e6kke forskellige nyheder og begivenheder gennem artikler og videoer ligesom foreninger og borgere, efterh\u00e5nden fik bedre muligheder for at annoncere og se hvorn\u00e5r forsamlingshuset var ledigt. Da Vester-Thorsted i 2010 blev en del af lokalr\u00e5det for Veerst sogn blev det naturligt at oprette specielle sektioner til Vester-Thorsted. Veerst.dk har s\u00e5ledes udviklet sig siden starten af 2009 til en portal\/avis, som flere og flere borgere og foreninger har brugt til at formidle alle mulige relevante informationer til hinanden i Veerst sogn.<\/p>\n<h3>Portalen\/avisen Veerst.dk er et projekt b\u00e5ret af frivillige<br \/><\/h3>\n<p>Teknikken bag Veerst.dk er open source CMS-systemet: Joomla, som Jens Smed Rasmussen (webmaster og sysadm) har sat op p\u00e5 serveren og vedligeholdt l\u00f8bende. Serverpladsen er ligeledes sponseret\/betalt af Jens Smed Rasmussen, siden portalens start i 2009. Dom\u00e6net anvendes endvidere til nogle andre form\u00e5l, som ikke har ikke noget med portal\/avisfunktionen at g\u00f8re. Specielt Mogens Jensen og Anette Knudsen fra Veerst har bidraget med en del af indholdet p\u00e5 siden og hjulpet andre med at bruge funktionerne, s\u00e5som kalenderen mv.<\/p>\n<p>Det hele er s\u00e5ledes bygget op omkring en r\u00e6kke input fra frivillige. Den fortsatte udvikling af Veerst.dk er naturligvis afh\u00e6ngig af, om der bliver ved med at v\u00e6re nogle frivillige, som bliver ved med at v\u00e6re aktive. Portalen\/avisen er til geng\u00e6ld blevet indrettet s\u00e5ledes, at alle borgere og foreninger, som m\u00e5tte \u00f8nske det, meget enkelt og hurtigt selv kan placere indhold p\u00e5 hjemmesiden. Det kr\u00e6ver kun, at man opretter sig et login f\u00f8rst.<\/p>\n<h3>Hensigten med projektet<br \/><\/h3>\n<p>Hensigten er at fremme oplysning, lokalr\u00e5dsdemokrati, foreningsarbejde og sociale aktiviteteter gennem artikler, videoer, podcasts og sammenk\u00e6dning med andre medier. Det er tanken, at jo flere borgere og foreninger, der formidler noget til andre i sognet via Veerst.dk, jo bedre opn\u00e5s hensigten.<\/p>\n<p>Som man kan se p\u00e5 siden, skrives der b\u00e5de om sjov og alvor &#8211;<strong> <em>vi er seri\u00f8se<\/em><\/strong> sammen, men hjemmesiden m\u00e5 ogs\u00e5 gerne indeholde muntre og underholdende indslag.<\/p>\n<p>De som hidtil har v\u00e6ret aktive i projektet, har hidtil anset portalen\/avisen for at v\u00e6re et udviklingspropjekt i sognet, som lykkes godt, hvis det aldrig bliver f\u00e6rdigt med at udvikle sig.\u00a0 Det er alt sammen et frivilligt projekt, hvor de som deltager og kommer med indholdet, vil v\u00e6re derm som ogs\u00e5 kommer til at pr\u00e6ge mediet og indholdet. Hvis de frivillige standser eller holder en pause, s\u00e5 kommer der ikke s\u00e5 meget indhold i en periode. Hvis der er mange frivillige, som kommer med meget indhold, vil udviklingen g\u00e5 hurtigere.<\/p>\n<h3>Missionen<br \/><\/h3>\n<ul>\n<li>at fremme \u00e5ben formidling og analyse af relevant stof ang\u00e5ende lokal- og landdistriktsudviklingen i forbindelse med Veerst sogn<\/li>\n<li>at give alle synspunkter og alle foreninger en reel mulighed for at kunne kommunikere<\/li>\n<li>at v\u00e6rne om Veerst.dk som frit og uafh\u00e6ngigt medie, som ogs\u00e5 selv ops\u00f8ger nyheder og anden information, som vi sammen og enkeltvis finder relevant at formidle til borgerne i Veest og Vester-Thorsted samt \u00f8vrige landsbysamfund i Vejen kommune<\/li>\n<li>at v\u00e6rne om den enkelte skribents pressefrihed under ansvar<\/li>\n<li>at deltage i lokalr\u00e5ds-samarbejdet om informationer i Vejen kommune<\/li>\n<li>at folk kan henvende sig til Veerst.dk, hvis man har \u00f8nsker om, at vi skal medvrike til eller tage initiativ til s\u00e6rlige formidlings- og journalsitiske opgaver. Vi kan dog ikke love, at vi umiddelbart har ressourcerne<\/li>\n<li>at v\u00e6re til r\u00e5dighed for borgere, foreninger, institutioner, erhvervsliv i Veerst sogn samt sognets lokalr\u00e5d med nyheder, annonceringer (ikke kommercielt), kalender, kommentarer, konstruktivt kritiske vinkler mm.<\/li>\n<li>at medvirke til at synligg\u00f8re Veerst og Vester-Thorsted<\/li>\n<\/ul>\n<h3>Vision<\/h3>\n<p>At den frivillige formidling vil opn\u00e5 og f\u00f8de den fordomsfrie debat om udviklingen i Veerst og omegn, og samtidigt kunne medvirke til at formidle alle former for l\u00f8digt stof og brugbare tjenester til foreninger og borgeren i Veerst sogn gennem flere medier &#8211; prim\u00e6rt elektroniske<\/p>\n<h3>Kalenderen for Veerst<\/h3>\n<p>Det er hensigten at stille en elektronisk kalender til r\u00e5dighed, s\u00e5ledes at alle arrangementer, som kan have offentlighedens interesse kommer ind i sidens kalender. P\u00e5 den m\u00e5de kan alle borgere i Veerst sogn skabe sig et overblik over begivenheder. Anette Knudsen har hidtil v\u00e6ret behj\u00e6lpelig ved \u00f8nsker om begivenheder mm., som \u00f8nskes optaget i kalenderen.<\/p>\n<p>Vil du gerne have begivenheder i kalenderen kan du evt. pr\u00f8ve at henvende dig til <a href=\"https:\/\/www.news.veerst.info\/?p=37\">Anette Knudsen<br \/><\/a><\/p>\n<h3>Nyheder og multimedier om Veerst<\/h3>\n<p>Alle begivenheder, alle sp\u00f8rgsm\u00e5l om Veerst og fremtiden, alt hvad der optager b\u00f8rn, unge, voksne, foreninger, virksomheder, institutioner osv. Alt dette vil vi meget gerne viderebringe indl\u00e6g og artikler om. Selvom vi selv kan finde p\u00e5 at v\u00e6re ops\u00f8gende, s\u00e5 vil vi meget gerne have borgere i Veerst til at registrere sig som brugere af siden, s\u00e5 de ogs\u00e5 kan modtage nyhedsbreve fra siden, hvis nogen gerne vil sende noget ud.<\/p>\n<h4>registrer dig som bruger &#8211; og bliv evt. selv en frivillig \/ borgerjournalist<br \/><\/h4>\n<p>S\u00e5 snart du er registreret bruger af hjemmesiden, kan du anmode projektet om, at blive forfatter, redakt\u00f8r eller ligefrem publisher. Henvend dig til<a href=\"index.php?option=com_contact&amp;view=contact&amp;catid=12&amp;id=1\"> systemadministratoren<\/a> Jens Smed Rasmussen, efter du har oprettet et login.<\/p>\n<p>\u00a0<\/p>\n<h3>Forsamlingshuset &#8211; bookning, markedsf\u00f8ring og synligg\u00f8relse<\/h3>\n<p>I f\u00f8rste omgang vil vi gerne v\u00e6re med til at synligg\u00f8re overfor potentielle brugere, at der findes hyggelige forsamlingshuse i sognet, som kan lejes. Vi hj\u00e6lper bylauget i Veerst med en bookingkalender. Vi vil gerne hj\u00e6lpe p\u00e5 samme m\u00e5de i Veter-Thorsted.<\/p>\n<h3>Synligg\u00f8relse af Veerst<\/h3>\n<p>Det er vores opfattelse, at Veerst sogn har nogle markante styrker som lokalsamfund. De styrker er vi s\u00e5 stolte over, at vi gerne vil indvie mange andre deri. Hjemmesiden skulle gerne blive en god hj\u00e6lp hertil.<\/p>\n","protected":false},"excerpt":{"rendered":"<p>Team Veerst.dk &#8211; Open Source Nyhedsportal \/ Internetavis &#8211; hvor alle kan v\u00e6re med &#8211; Projektet: Udviklingsplaner- og synligg\u00f8relse af 2009 &#8211; igangsat af LAG-Vejen \/ F\u00e6llesr\u00e5det Se LAG-Vejens beskrivelse her: http:\/\/www.lag-vejen.dk\/projekter\/projekt-udviklingsplaner-og-synliggoerelse\/ Internetavisen og portalen &#8220;Veerst.dk&#8221; blev til i forbindelse&hellip;<\/p>\n<p class=\"more-link-p\"><a class=\"more-link\" href=\"https:\/\/www.news.veerst.info\/?p=5\">Read more &rarr;<\/a><\/p>\n","protected":false},"author":1,"featured_media":0,"comment_status":"open","ping_status":"open","sticky":false,"template":"","format":"standard","meta":[],"categories":[1],"tags":[],"_links":{"self":[{"href":"https:\/\/www.news.veerst.info\/index.php?rest_route=\/wp\/v2\/posts\/5"}],"collection":[{"href":"https:\/\/www.news.veerst.info\/index.php?rest_route=\/wp\/v2\/posts"}],"about":[{"href":"https:\/\/www.news.veerst.info\/index.php?rest_route=\/wp\/v2\/types\/post"}],"author":[{"embeddable":true,"href":"https:\/\/www.news.veerst.info\/index.php?rest_route=\/wp\/v2\/users\/1"}],"replies":[{"embeddable":true,"href":"https:\/\/www.news.veerst.info\/index.php?rest_route=%2Fwp%2Fv2%2Fcomments&post=5"}],"version-history":[{"count":1,"href":"https:\/\/www.news.veerst.info\/index.php?rest_route=\/wp\/v2\/posts\/5\/revisions"}],"predecessor-version":[{"id":386,"href":"https:\/\/www.news.veerst.info\/index.php?rest_route=\/wp\/v2\/posts\/5\/revisions\/386"}],"wp:attachment":[{"href":"https:\/\/www.news.veerst.info\/index.php?rest_route=%2Fwp%2Fv2%2Fmedia&parent=5"}],"wp:term":[{"taxonomy":"category","embeddable":true,"href":"https:\/\/www.news.veerst.info\/index.php?rest_route=%2Fwp%2Fv2%2Fcategories&post=5"},{"taxonomy":"post_tag","embeddable":true,"href":"https:\/\/www.news.veerst.info\/index.php?rest_route=%2Fwp%2Fv2%2Ftags&post=5"}],"curies":[{"name":"wp","href":"https:\/\/api.w.org\/{rel}","templated":true}]}}