{"id":52,"date":"2009-06-18T15:31:05","date_gmt":"2009-06-18T15:31:05","guid":{"rendered":"https:\/\/www.news.veerst.info\/?p=52"},"modified":"2009-06-18T15:31:05","modified_gmt":"2009-06-18T15:31:05","slug":"naturlegeplads","status":"publish","type":"post","link":"https:\/\/www.news.veerst.info\/?p=52","title":{"rendered":"Naturlegeplads?"},"content":{"rendered":"<p><span style=\"font-size: 10pt;\">Hvis der er nogen der undrer sig over at legepladsen i Veerst ikke bliver brugt, s\u00e5 ved jeg hvorfor!<\/span><\/p>\n<p><span style=\"font-size: 10pt;\"><img decoding=\"async\" loading=\"lazy\" class=\" size-full wp-image-47\" height=\"440\" width=\"574\" src=\"https:\/\/www.news.veerst.info\/wp-content\/uploads\/2009\/06\/Billede0024.jpg\" alt=\"Billede0024\" width=\"640\" height=\"480\" \/><\/span><\/p>\n<blockquote>\n<p><span style=\"font-size: 10pt;\">Her er en b\u00e6nk hvor de glade for\u00e6ldre eller bedstefor\u00e6ldre kan sidde og nyde at de sm\u00e5 purke boltrer sig i &#8220;urskoven&#8221;.<\/span><\/p>\n<p><span style=\"font-size: 10pt;\"><img decoding=\"async\" loading=\"lazy\" class=\" size-full wp-image-48\" height=\"358\" width=\"562\" src=\"https:\/\/www.news.veerst.info\/wp-content\/uploads\/2009\/06\/Billede0025.jpg\" alt=\"Billede0025\" width=\"640\" height=\"480\" \/><\/span><\/p>\n<p><span style=\"font-size: 10pt;\">Her er endnu en b\u00e6nk. Gad vide om de sm\u00e5 b\u00f8rn nogensinde finder deres for\u00e6ldre igen?<\/span><\/p>\n<p><span style=\"font-size: 10pt;\"><img decoding=\"async\" loading=\"lazy\" class=\" size-full wp-image-49\" height=\"477\" width=\"570\" src=\"https:\/\/www.news.veerst.info\/wp-content\/uploads\/2009\/06\/Billede0026.jpg\" alt=\"Billede0026\" width=\"640\" height=\"480\" \/><\/span><\/p>\n<p><span style=\"font-size: 10pt;\">Her gemmer sig et gyngestativ!<\/span><\/p>\n<p><span style=\"font-size: 10pt;\"><img decoding=\"async\" loading=\"lazy\" class=\" size-full wp-image-50\" height=\"399\" width=\"571\" src=\"https:\/\/www.news.veerst.info\/wp-content\/uploads\/2009\/06\/Billede0027.jpg\" alt=\"Billede0027\" width=\"640\" height=\"480\" \/><\/span><\/p>\n<p><span style=\"font-size: 10pt;\">MOARRR&#8230;. der er ikke noget sand, jeg kan grave i!<\/span><\/p>\n<p><span style=\"font-size: 10pt;\"><img decoding=\"async\" loading=\"lazy\" class=\" size-full wp-image-51\" height=\"442\" width=\"575\" src=\"https:\/\/www.news.veerst.info\/wp-content\/uploads\/2009\/06\/Billede0028.jpg\" alt=\"Billede0028\" width=\"640\" height=\"480\" \/><\/span><\/p>\n<p><span style=\"font-size: 10pt;\">\u00d8kologisk faldunderlag under gyngerne.<\/span><\/p>\n<\/blockquote>\n","protected":false},"excerpt":{"rendered":"<p>Hvis der er nogen der undrer sig over at legepladsen i Veerst ikke bliver brugt, s\u00e5 ved jeg hvorfor! Her er en b\u00e6nk hvor de glade for\u00e6ldre eller bedstefor\u00e6ldre kan sidde og nyde at de sm\u00e5 purke boltrer sig i&hellip;<\/p>\n<p class=\"more-link-p\"><a class=\"more-link\" href=\"https:\/\/www.news.veerst.info\/?p=52\">Read more &rarr;<\/a><\/p>\n","protected":false},"author":1,"featured_media":47,"comment_status":"open","ping_status":"open","sticky":false,"template":"","format":"standard","meta":[],"categories":[18],"tags":[],"_links":{"self":[{"href":"https:\/\/www.news.veerst.info\/index.php?rest_route=\/wp\/v2\/posts\/52"}],"collection":[{"href":"https:\/\/www.news.veerst.info\/index.php?rest_route=\/wp\/v2\/posts"}],"about":[{"href":"https:\/\/www.news.veerst.info\/index.php?rest_route=\/wp\/v2\/types\/post"}],"author":[{"embeddable":true,"href":"https:\/\/www.news.veerst.info\/index.php?rest_route=\/wp\/v2\/users\/1"}],"replies":[{"embeddable":true,"href":"https:\/\/www.news.veerst.info\/index.php?rest_route=%2Fwp%2Fv2%2Fcomments&post=52"}],"version-history":[{"count":0,"href":"https:\/\/www.news.veerst.info\/index.php?rest_route=\/wp\/v2\/posts\/52\/revisions"}],"wp:featuredmedia":[{"embeddable":true,"href":"https:\/\/www.news.veerst.info\/index.php?rest_route=\/wp\/v2\/media\/47"}],"wp:attachment":[{"href":"https:\/\/www.news.veerst.info\/index.php?rest_route=%2Fwp%2Fv2%2Fmedia&parent=52"}],"wp:term":[{"taxonomy":"category","embeddable":true,"href":"https:\/\/www.news.veerst.info\/index.php?rest_route=%2Fwp%2Fv2%2Fcategories&post=52"},{"taxonomy":"post_tag","embeddable":true,"href":"https:\/\/www.news.veerst.info\/index.php?rest_route=%2Fwp%2Fv2%2Ftags&post=52"}],"curies":[{"name":"wp","href":"https:\/\/api.w.org\/{rel}","templated":true}]}}